{"id":1266,"date":"2019-07-06T15:55:21","date_gmt":"2019-07-06T13:55:21","guid":{"rendered":"https:\/\/2019.valencia.wordcamp.org\/?p=1266"},"modified":"2019-09-03T13:09:22","modified_gmt":"2019-09-03T11:09:22","slug":"llamada-a-voluntarios-para-la-wordcamp-2019","status":"publish","type":"post","link":"https:\/\/valencia.wordcamp.org\/2019\/llamada-a-voluntarios-para-la-wordcamp-2019\/","title":{"rendered":"Llamada a voluntarios para la WordCamp 2019"},"content":{"rendered":"\n<h3 class=\"wp-block-heading\" style=\"text-align:center\">\u00a1LLAMADA A VOLUNTARIOS FINALIZADA!<\/h3>\n\n\n\n<p class=\"wp-block-paragraph\" style=\"text-align:center\"><strong>Much\u00edsimas gracias a todos los que hab\u00e9is participado. En breve nos pondremos en contacto con vosotros para comentaros quienes son los voluntarios seleccionados.<\/strong><\/p>\n\n\n\n<p class=\"wp-block-paragraph\" style=\"text-align:center\"><strong>MIL GRACIAS<\/strong><\/p>\n\n\n\n<hr class=\"wp-block-separator is-style-wide\" \/>\n\n\n\n<p class=\"wp-block-paragraph\" style=\"text-align:left\"><strong>\u00a1T\u00fa eres importante! <\/strong><\/p>\n\n\n\n<p class=\"wp-block-paragraph\" style=\"text-align:left\">Ayudar&#8230; \u00bfHay algo m\u00e1s bonito? \u00bfSab\u00edas que puedes participar activamente en la WordCamp Valencia el d\u00eda del evento?<\/p>\n\n\n\n<div class=\"wp-block-button aligncenter is-style-squared\"><a class=\"wp-block-button__link has-background\" href=\"#Formulario\" style=\"background-color:#e85e01\">\u00bfTe animas a colaborar y aprender?<\/a><\/div>\n\n\n\n<div class=\"wp-block-spacer\" style=\"height: 32px\" aria-hidden=\"true\">\u00a0<\/div>\n\n\n\n<p class=\"wp-block-paragraph\">Una WordCamp es un evento no lucrativo, de una magnitud importante.<\/p>\n\n\n\n<p class=\"wp-block-paragraph\">Y organizar una WordCamp no ser\u00eda posible sin la colaboraci\u00f3n de las voluntarias y voluntarios. Son fundamentales en el buen desarrollo de la misma. Gracias al equipo de voluntarios que trabaja codo a codo con el equipo de organizaci\u00f3n, se hace posible que asistir a la WordCamp sea una experiencia \u00fanica.<\/p>\n\n\n\n<p class=\"wp-block-paragraph\">La gente que organiza la WordCamp pone todo su empe\u00f1o en que salga adelante sin obtener un beneficio econ\u00f3mico del mismo. Pero s\u00ed hay<strong> otros tipo de beneficios <\/strong>que ofrece, y que t\u00fa, <strong>como voluntario, podr\u00e1s disfrutar<\/strong>.<\/p>\n\n\n\n<h3 class=\"wp-block-heading\">Como voluntari@ de la WordCamp Valencia 2019<\/h3>\n\n\n\n<ul class=\"indented-list wp-block-list\"><li>Ser\u00e1s una <strong>parte esencial<\/strong> los d\u00edas del evento.<\/li><li>Formar\u00e1s parte del <strong>\u00e9xito<\/strong> de la WordCamp Valencia (y eso, a nivel personal mola mucho).<\/li><li><strong>Conocer\u00e1s<\/strong> personalmente a las personas que impartir\u00e1n las conferencias.<\/li><li>Te encontrar\u00e1s con visitantes de todas partes con los que compartir <strong>experiencias<\/strong>.<\/li><li>Recibir\u00e1s una <strong>camiseta<\/strong> exclusiva s\u00f3lo para voluntarios.<\/li><li><strong>Entrada gratis <\/strong>(que incluyen la comida del d\u00eda del evento, y fiesta posterior si se tercia).<\/li><li>Acudir\u00e1s a la <strong>cena de ponentes \/ organizadores \/ voluntarios<\/strong>.<\/li><li>Har\u00e1s m\u00e1s <strong>networking<\/strong> y con <strong>relaciones<\/strong> m\u00e1s intensas que si vienes como asistente, \u00a1asegurado!<\/li><li>En definitiva, colaborar\u00e1s junto con el equipo de organizaci\u00f3n de la WordCamp para que el evento sea una <strong>experiencia \u00fanica.<\/strong><\/li><\/ul>\n\n\n\n<h3 class=\"wp-block-heading\">\u00bfEn qu\u00e9 tareas nos ayudar\u00e1s?<\/h3>\n\n\n\n<p class=\"wp-block-paragraph\">Como voluntario ser\u00e1s parte activa de WordCamp Valencia. Vas a ser el primer contacto de los asistentes, ayudar\u00e1s a los ponentes a encontrarse c\u00f3modos, a sincronizar los tracks y a resolver cualquier duda que pueda surgir, y conseguir que el d\u00eda del evento todo vaya sobre ruedas.<\/p>\n\n\n\n<p class=\"wp-block-paragraph\">Resumiendo, estas son las tareas principales:<\/p>\n\n\n\n<ul class=\"indented-list wp-block-list\"><li>Ayudar en la entrega de acreditaciones, camisetas y bolsa de bienvenida.<\/li><li>Ayudar e informar a l@s ponentes con las cosas que puedan necesitar.<\/li><li>Controlar el tiempo en las distintas sesiones.<\/li><li>Controlar los micr\u00f3fonos para las preguntas durante las ponencias.<\/li><li>Colaborar en las horas de caf\u00e9 y comida.<\/li><li>Informar a l@s asistentes sobre la WordCamp.<\/li><li>Colaborar en el buen desarrollo de la WordCamp.<\/li><li>Y la que m\u00e1s nos gusta.. \u00a1Transmitir a todos tu buen rollo!<\/li><\/ul>\n\n\n\n<h3 class=\"wp-block-heading\">Una vez te hayas apuntado como voluntario\/a:<\/h3>\n\n\n\n<ul class=\"indented-list wp-block-list\"><li>Te a\u00f1adiremos a nuestro equipo de voluntarios.<\/li><li>Te asignaremos una serie de tareas durante los d\u00edas del evento.<\/li><li>Nos reuniremos el jueves 17 de Octubre por la tarde. Nos familiarizaremos con el entorno del lugar donde se celebrar\u00e1 la WordCamp, conoceremos al resto del equipo, haremos un resumen de las necesidades del evento y revisaremos la lista de tareas.<\/li><\/ul>\n\n\n\n<p class=\"wp-block-paragraph\">No solo vas a ser parte de la organizaci\u00f3n y ayudar a asistentes, ponentes y patrocinadores, tambi\u00e9n queremos que t\u00fa disfrutes de WordCamp Valencia.<\/p>\n\n\n\n<p class=\"wp-block-paragraph\">Para ello, el responsable de coordinaci\u00f3n de voluntarios organizar\u00e1 un cuadrante para que t\u00fa tambi\u00e9n puedas asistir a las ponencias, charlas r\u00e1pidas o talleres que m\u00e1s te ilusione disfrutar.<\/p>\n\n\n\n<hr id=\"Formulario\" class=\"wp-block-separator\">\n<p>&nbsp;<\/p>\n\n\n\n<h3 class=\"wp-block-heading\">\u00bfTe animas?<\/h3>\n\n\n\n<p class=\"wp-block-paragraph\">Muy f\u00e1cil, rellena el siguiente formulario y con todas las propuestas recibidas conformaremos un equipo. A partir de ah\u00ed asignaremos las tareas y los responsables de cada grupo.<\/p>\n\n\n\n<h3 class=\"wp-block-heading\" style=\"text-align:center\">\u00a1LLAMADA A VOLUNTARIOS FINALIZADA!<\/h3>\n","protected":false},"excerpt":{"rendered":"<p>\u00a1LLAMADA A VOLUNTARIOS FINALIZADA! Much\u00edsimas gracias a todos los que hab\u00e9is participado. En breve nos pondremos en contacto con vosotros para comentaros quienes son los voluntarios seleccionados. MIL GRACIAS \u00a1T\u00fa eres importante! Ayudar&#8230; \u00bfHay algo m\u00e1s bonito? \u00bfSab\u00edas que puedes participar activamente en la WordCamp Valencia el d\u00eda del evento? \u00a0 Una WordCamp es un &hellip; <\/p>\n<p class=\"link-more\"><a href=\"https:\/\/valencia.wordcamp.org\/2019\/llamada-a-voluntarios-para-la-wordcamp-2019\/\" class=\"more-link\">Continuar leyendo<span class=\"screen-reader-text\"> \u00abLlamada a voluntarios para la WordCamp 2019\u00bb<\/span><\/a><\/p>\n","protected":false},"author":5595142,"featured_media":0,"comment_status":"open","ping_status":"open","sticky":false,"template":"","format":"standard","meta":{"_crdt_document":"","jetpack_post_was_ever_published":false,"_jetpack_newsletter_access":"","_jetpack_dont_email_post_to_subs":false,"_jetpack_newsletter_tier_id":0,"_jetpack_memberships_contains_paywalled_content":false,"_ef_editorial_meta_date_first-draft-date":"","_ef_editorial_meta_paragraph_assignment":"","_ef_editorial_meta_checkbox_needs-photo":"","_ef_editorial_meta_number_word-count":"","_jetpack_memberships_contains_paid_content":false,"footnotes":"","jetpack_publicize_message":"","jetpack_publicize_feature_enabled":true,"jetpack_social_post_already_shared":true,"jetpack_social_options":{"image_generator_settings":{"template":"highway","default_image_id":0,"font":"","enabled":false},"version":2}},"categories":[1],"tags":[],"class_list":["post-1266","post","type-post","status-publish","format-standard","hentry","category-uncategorized"],"jetpack_publicize_connections":[],"jetpack_featured_media_url":"","jetpack_sharing_enabled":true,"jetpack_shortlink":"https:\/\/wp.me\/paMxYZ-kq","_links":{"self":[{"href":"https:\/\/valencia.wordcamp.org\/2019\/wp-json\/wp\/v2\/posts\/1266","targetHints":{"allow":["GET"]}}],"collection":[{"href":"https:\/\/valencia.wordcamp.org\/2019\/wp-json\/wp\/v2\/posts"}],"about":[{"href":"https:\/\/valencia.wordcamp.org\/2019\/wp-json\/wp\/v2\/types\/post"}],"author":[{"embeddable":true,"href":"https:\/\/valencia.wordcamp.org\/2019\/wp-json\/wp\/v2\/users\/5595142"}],"replies":[{"embeddable":true,"href":"https:\/\/valencia.wordcamp.org\/2019\/wp-json\/wp\/v2\/comments?post=1266"}],"version-history":[{"count":7,"href":"https:\/\/valencia.wordcamp.org\/2019\/wp-json\/wp\/v2\/posts\/1266\/revisions"}],"predecessor-version":[{"id":2179,"href":"https:\/\/valencia.wordcamp.org\/2019\/wp-json\/wp\/v2\/posts\/1266\/revisions\/2179"}],"wp:attachment":[{"href":"https:\/\/valencia.wordcamp.org\/2019\/wp-json\/wp\/v2\/media?parent=1266"}],"wp:term":[{"taxonomy":"category","embeddable":true,"href":"https:\/\/valencia.wordcamp.org\/2019\/wp-json\/wp\/v2\/categories?post=1266"},{"taxonomy":"post_tag","embeddable":true,"href":"https:\/\/valencia.wordcamp.org\/2019\/wp-json\/wp\/v2\/tags?post=1266"}],"curies":[{"name":"wp","href":"https:\/\/api.w.org\/{rel}","templated":true}]}}