{"id":1989,"date":"2019-08-14T10:53:35","date_gmt":"2019-08-14T08:53:35","guid":{"rendered":"https:\/\/2019.valencia.wordcamp.org\/?p=1989"},"modified":"2019-08-14T11:54:51","modified_gmt":"2019-08-14T09:54:51","slug":"gracias-por-todas-vuestras-propuestas-de-charlas","status":"publish","type":"post","link":"https:\/\/valencia.wordcamp.org\/2019\/gracias-por-todas-vuestras-propuestas-de-charlas\/","title":{"rendered":"Gracias por todas vuestras propuestas de charlas&#8230;"},"content":{"rendered":"\n<p class=\"wp-block-paragraph\">Aunque ya hemos dado las gracias\u00a0por el tiempo dedicado a preparar y presentar propuestas\u00a0a las personas que han presentado ponencia y no han sido seleccionadas, queremos volver a hacerlo desde aqu\u00ed y p\u00fablicamente.<\/p>\n\n\n\n<p class=\"wp-block-paragraph\">Preparar una propuesta no es tan f\u00e1cil y r\u00e1pido, lo sabemos. Requiere ideas, experiencias, recursos, preparaci\u00f3n, tiempo. Pero tambi\u00e9n requiere muchas ganas, valor y coraje para ponerse s\u00f3lo con un micro y hablar delante de unos cientos de personas para compartir lo que sabes o lo que te ha sucedido.<\/p>\n\n\n\n<p class=\"wp-block-paragraph\">Hemos recibido muchas propuestas. Pero muchas \u00a1La verdad es que no esper\u00e1bamos tantas ! Nos ha emocionado mucho ver a tantas personas dispuestas a invertir tiempo, valor y coraje para compartir con la comunidad y apoyando este evento \u00a1Solo vamos por la segunda edici\u00f3n y ya hemos experimentado un crecimiento enorme! <\/p>\n\n\n\n<p class=\"wp-block-paragraph\">Pero&#8230; la WordCamp s\u00f3lo dura 2 d\u00edas, y solo tenemos 1 d\u00eda de charlas&#8230; y solo 2 tracks. As\u00ed que tenemos huecos limitados y nos hemos visto obligados a rechazar muchas. Presentar una propuesta sabiendo esto (que te la pueden rechazar) requiere de mucho valor y, en este caso, encajar ese rechazo requiere, adem\u00e1s, de grandeza como persona.<\/p>\n\n\n\n<p class=\"wp-block-paragraph\">Por todo ello, desde el equipo de organizaci\u00f3n de la WordCamp Valencia 2019 queremos expresar nuestro agradecimiento y nuestra m\u00e1s profunda admiraci\u00f3n por todas vuestras propuestas. Sin duda, hab\u00e9is ayudado a que esta WordCamp sea la mejor posible y nos lo hab\u00e9is puesto incre\u00edblemente dif\u00edcil para seleccionar propuestas&#8230; de verdad.<\/p>\n\n\n\n<p class=\"wp-block-paragraph\">Nos sentimos muy orgullos@s y afortunad@s de pertenecer a una comunidad que tiene tanto que ofrecer y nos comprometemos a hacer crecer el evento en los pr\u00f3ximos a\u00f1os para dar cabida a todas vuestras propuestas.<\/p>\n\n\n\n<p class=\"wp-block-paragraph\">Esperamos veros en la WordCamp Valencia 2019 para poder compartir este evento con tod@s vosotr@s, saludaros y daros las gracias en persona !<\/p>\n\n\n\n<p class=\"wp-block-paragraph\">\u00a1Muchas gracias!<\/p>\n","protected":false},"excerpt":{"rendered":"<p>Aunque ya hemos dado las gracias\u00a0por el tiempo dedicado a preparar y presentar propuestas\u00a0a las personas que han presentado ponencia y no han sido seleccionadas, queremos volver a hacerlo desde aqu\u00ed y p\u00fablicamente. Preparar una propuesta no es tan f\u00e1cil y r\u00e1pido, lo sabemos. Requiere ideas, experiencias, recursos, preparaci\u00f3n, tiempo. Pero tambi\u00e9n requiere muchas ganas, &hellip; <\/p>\n<p class=\"link-more\"><a href=\"https:\/\/valencia.wordcamp.org\/2019\/gracias-por-todas-vuestras-propuestas-de-charlas\/\" class=\"more-link\">Continuar leyendo<span class=\"screen-reader-text\"> \u00abGracias por todas vuestras propuestas de charlas&#8230;\u00bb<\/span><\/a><\/p>\n","protected":false},"author":16448686,"featured_media":1992,"comment_status":"open","ping_status":"open","sticky":false,"template":"","format":"standard","meta":{"_crdt_document":"","jetpack_post_was_ever_published":false,"_jetpack_newsletter_access":"","_jetpack_dont_email_post_to_subs":false,"_jetpack_newsletter_tier_id":0,"_jetpack_memberships_contains_paywalled_content":false,"_ef_editorial_meta_date_first-draft-date":"","_ef_editorial_meta_paragraph_assignment":"","_ef_editorial_meta_checkbox_needs-photo":"","_ef_editorial_meta_number_word-count":"","_jetpack_memberships_contains_paid_content":false,"footnotes":"","jetpack_publicize_message":"","jetpack_publicize_feature_enabled":true,"jetpack_social_post_already_shared":true,"jetpack_social_options":{"image_generator_settings":{"template":"highway","default_image_id":0,"font":"","enabled":false},"version":2}},"categories":[1],"tags":[],"class_list":["post-1989","post","type-post","status-publish","format-standard","has-post-thumbnail","hentry","category-uncategorized"],"jetpack_publicize_connections":[],"jetpack_featured_media_url":"https:\/\/valencia.wordcamp.org\/2019\/files\/2019\/08\/gracias-propuestas-wordcamp-valencia-2019.jpg","jetpack_sharing_enabled":true,"jetpack_shortlink":"https:\/\/wp.me\/paMxYZ-w5","_links":{"self":[{"href":"https:\/\/valencia.wordcamp.org\/2019\/wp-json\/wp\/v2\/posts\/1989","targetHints":{"allow":["GET"]}}],"collection":[{"href":"https:\/\/valencia.wordcamp.org\/2019\/wp-json\/wp\/v2\/posts"}],"about":[{"href":"https:\/\/valencia.wordcamp.org\/2019\/wp-json\/wp\/v2\/types\/post"}],"author":[{"embeddable":true,"href":"https:\/\/valencia.wordcamp.org\/2019\/wp-json\/wp\/v2\/users\/16448686"}],"replies":[{"embeddable":true,"href":"https:\/\/valencia.wordcamp.org\/2019\/wp-json\/wp\/v2\/comments?post=1989"}],"version-history":[{"count":3,"href":"https:\/\/valencia.wordcamp.org\/2019\/wp-json\/wp\/v2\/posts\/1989\/revisions"}],"predecessor-version":[{"id":2010,"href":"https:\/\/valencia.wordcamp.org\/2019\/wp-json\/wp\/v2\/posts\/1989\/revisions\/2010"}],"wp:featuredmedia":[{"embeddable":true,"href":"https:\/\/valencia.wordcamp.org\/2019\/wp-json\/wp\/v2\/media\/1992"}],"wp:attachment":[{"href":"https:\/\/valencia.wordcamp.org\/2019\/wp-json\/wp\/v2\/media?parent=1989"}],"wp:term":[{"taxonomy":"category","embeddable":true,"href":"https:\/\/valencia.wordcamp.org\/2019\/wp-json\/wp\/v2\/categories?post=1989"},{"taxonomy":"post_tag","embeddable":true,"href":"https:\/\/valencia.wordcamp.org\/2019\/wp-json\/wp\/v2\/tags?post=1989"}],"curies":[{"name":"wp","href":"https:\/\/api.w.org\/{rel}","templated":true}]}}