{"id":1991,"date":"2019-08-14T11:07:21","date_gmt":"2019-08-14T09:07:21","guid":{"rendered":"https:\/\/2019.valencia.wordcamp.org\/?p=1991"},"modified":"2019-08-14T11:45:17","modified_gmt":"2019-08-14T09:45:17","slug":"y-el-programa-final-es","status":"publish","type":"post","link":"https:\/\/valencia.wordcamp.org\/2019\/y-el-programa-final-es\/","title":{"rendered":"Y el Programa final es&#8230;"},"content":{"rendered":"\r\n<p class=\"wp-block-paragraph\">\u00a1Por fin&#8230; \u00a1\u00a1\u00a1Lo hemos conseguido!!! Ya tenemos el <strong>Programa final de la WordCamp Valencia 2019. <\/strong>Estamos super content@s con el resultado.\u00a0 <strong>MUY CONTENT@S. <\/strong>\u00a1\u00a1\u00a1Si, si, si!!!<\/p>\r\n\r\n\r\n\r\n<p class=\"wp-block-paragraph\">Vale, no vamos a hacerte esperar m\u00e1s. \u00a1<a href=\"https:\/\/2019.valencia.wordcamp.org\/programas\/\">Aqu\u00ed est\u00e1 el programa del d\u00eda de las charlas, el s\u00e1bado 19 de Octubre 2019!<\/a><\/p>\r\n\r\n\r\n\r\n<p class=\"wp-block-paragraph\">Hay para tod@s (expertos, principiantes, desarrolladores, dise\u00f1adores, marketing, negocios, SEO, &#8230;) pero todas las ponencias son de alto nivel de calidad.<\/p>\r\n\r\n\r\n\r\n<p class=\"wp-block-paragraph\">As\u00ed que no te las pierdas, y <a href=\"https:\/\/2019.valencia.wordcamp.org\/entradas\/\">compra tu entrada<\/a> para la <strong>WordCamp Valencia 2019<\/strong> !<\/p>\r\n\r\n\r\n\r\n<p class=\"wp-block-paragraph\">Nos vemos en <strong>octubre<\/strong>, \u00bfvale?<\/p>\r\n","protected":false},"excerpt":{"rendered":"<p>\u00a1Por fin&#8230; \u00a1\u00a1\u00a1Lo hemos conseguido!!! Ya tenemos el Programa final de la WordCamp Valencia 2019. Estamos super content@s con el resultado.\u00a0 MUY CONTENT@S. \u00a1\u00a1\u00a1Si, si, si!!! Vale, no vamos a hacerte esperar m\u00e1s. \u00a1Aqu\u00ed est\u00e1 el programa del d\u00eda de las charlas, el s\u00e1bado 19 de Octubre 2019! Hay para tod@s (expertos, principiantes, desarrolladores, dise\u00f1adores, &hellip; <\/p>\n<p class=\"link-more\"><a href=\"https:\/\/valencia.wordcamp.org\/2019\/y-el-programa-final-es\/\" class=\"more-link\">Continuar leyendo<span class=\"screen-reader-text\"> \u00abY el Programa final es&#8230;\u00bb<\/span><\/a><\/p>\n","protected":false},"author":16448686,"featured_media":1994,"comment_status":"open","ping_status":"open","sticky":false,"template":"","format":"standard","meta":{"_crdt_document":"","jetpack_post_was_ever_published":false,"_jetpack_newsletter_access":"","_jetpack_dont_email_post_to_subs":false,"_jetpack_newsletter_tier_id":0,"_jetpack_memberships_contains_paywalled_content":false,"_ef_editorial_meta_date_first-draft-date":"","_ef_editorial_meta_paragraph_assignment":"","_ef_editorial_meta_checkbox_needs-photo":"","_ef_editorial_meta_number_word-count":"","_jetpack_memberships_contains_paid_content":false,"footnotes":"","jetpack_publicize_message":"","jetpack_publicize_feature_enabled":true,"jetpack_social_post_already_shared":true,"jetpack_social_options":{"image_generator_settings":{"template":"highway","default_image_id":0,"font":"","enabled":false},"version":2}},"categories":[1],"tags":[],"class_list":["post-1991","post","type-post","status-publish","format-standard","has-post-thumbnail","hentry","category-uncategorized"],"jetpack_publicize_connections":[],"jetpack_featured_media_url":"https:\/\/valencia.wordcamp.org\/2019\/files\/2019\/08\/programa-wordcamp-valencia-2019.jpg","jetpack_sharing_enabled":true,"jetpack_shortlink":"https:\/\/wp.me\/paMxYZ-w7","_links":{"self":[{"href":"https:\/\/valencia.wordcamp.org\/2019\/wp-json\/wp\/v2\/posts\/1991","targetHints":{"allow":["GET"]}}],"collection":[{"href":"https:\/\/valencia.wordcamp.org\/2019\/wp-json\/wp\/v2\/posts"}],"about":[{"href":"https:\/\/valencia.wordcamp.org\/2019\/wp-json\/wp\/v2\/types\/post"}],"author":[{"embeddable":true,"href":"https:\/\/valencia.wordcamp.org\/2019\/wp-json\/wp\/v2\/users\/16448686"}],"replies":[{"embeddable":true,"href":"https:\/\/valencia.wordcamp.org\/2019\/wp-json\/wp\/v2\/comments?post=1991"}],"version-history":[{"count":5,"href":"https:\/\/valencia.wordcamp.org\/2019\/wp-json\/wp\/v2\/posts\/1991\/revisions"}],"predecessor-version":[{"id":2008,"href":"https:\/\/valencia.wordcamp.org\/2019\/wp-json\/wp\/v2\/posts\/1991\/revisions\/2008"}],"wp:featuredmedia":[{"embeddable":true,"href":"https:\/\/valencia.wordcamp.org\/2019\/wp-json\/wp\/v2\/media\/1994"}],"wp:attachment":[{"href":"https:\/\/valencia.wordcamp.org\/2019\/wp-json\/wp\/v2\/media?parent=1991"}],"wp:term":[{"taxonomy":"category","embeddable":true,"href":"https:\/\/valencia.wordcamp.org\/2019\/wp-json\/wp\/v2\/categories?post=1991"},{"taxonomy":"post_tag","embeddable":true,"href":"https:\/\/valencia.wordcamp.org\/2019\/wp-json\/wp\/v2\/tags?post=1991"}],"curies":[{"name":"wp","href":"https:\/\/api.w.org\/{rel}","templated":true}]}}