{"id":2345,"date":"2019-10-12T16:07:47","date_gmt":"2019-10-12T14:07:47","guid":{"rendered":"https:\/\/2019.valencia.wordcamp.org\/?p=2345"},"modified":"2019-10-12T16:07:48","modified_gmt":"2019-10-12T14:07:48","slug":"ven-preparado-y-sacale-el-maximo-partido-al-contributor-day","status":"publish","type":"post","link":"https:\/\/valencia.wordcamp.org\/2019\/ven-preparado-y-sacale-el-maximo-partido-al-contributor-day\/","title":{"rendered":"Ven preparado y s\u00e1cale el m\u00e1ximo partido al Contributor Day"},"content":{"rendered":"\n<p class=\"wp-block-paragraph\">Si es tu primera vez y nunca has asistido al Contributor Day (d\u00eda del contribuidor) este art\u00edculo te va a venir genial para poder aprovecharlo al m\u00e1ximo.<\/p>\n\n\n\n<p class=\"wp-block-paragraph\">Hay una serie de pasos b\u00e1sicos que te har\u00e1n mas productiva la jornada si los traes hechos ya de casa. <\/p>\n\n\n\n<h2 class=\"wp-block-heading\">Qu\u00e9 necesitas para venir al Contributor Day<\/h2>\n\n\n\n<p class=\"wp-block-paragraph\">Para poder aprovechar el d\u00eda de verdad vas a necesitar 3 cosas b\u00e1sicas, y <strong>dos de ellas son deberes que ser\u00eda genial que trajeras hechos de casa <\/strong>para poder centrarte en lo que en realidad es importante, aprender o contribuir:<\/p>\n\n\n\n<ul class=\"wp-block-list\"><li>Un port\u00e1til (no te olvides el cargador)<\/li><li>Una cuenta de <a href=\"https:\/\/wordpress.org\/\">WordPress.org<\/a><\/li><li>Una cuenta del <a href=\"http:\/\/wp-es.es\/slack\/\">Slack de WordPress Espa\u00f1a<\/a><\/li><\/ul>\n\n\n\n<p class=\"wp-block-paragraph\">Si <strong>NO<\/strong> tienes alguna de las dos cuentas,\u00a0a continuaci\u00f3n te explicamos c\u00f3mo crearlas porque es lo primero que vas a necesitar.<\/p>\n\n\n\n<figure class=\"wp-block-image\"><img loading=\"lazy\" decoding=\"async\" width=\"798\" height=\"463\" src=\"https:\/\/2019.valencia.wordcamp.org\/files\/2019\/09\/mesa-diseno-Contributor-Day-WC-Valencia-2018.jpg\" alt=\"\" class=\"wp-image-2420\" srcset=\"https:\/\/valencia.wordcamp.org\/2019\/files\/2019\/09\/mesa-diseno-Contributor-Day-WC-Valencia-2018.jpg 798w, https:\/\/valencia.wordcamp.org\/2019\/files\/2019\/09\/mesa-diseno-Contributor-Day-WC-Valencia-2018-300x174.jpg 300w, https:\/\/valencia.wordcamp.org\/2019\/files\/2019\/09\/mesa-diseno-Contributor-Day-WC-Valencia-2018-768x446.jpg 768w, https:\/\/valencia.wordcamp.org\/2019\/files\/2019\/09\/mesa-diseno-Contributor-Day-WC-Valencia-2018-500x290.jpg 500w\" sizes=\"auto, (max-width: 767px) 89vw, (max-width: 1000px) 54vw, (max-width: 1071px) 543px, 580px\" \/><\/figure>\n\n\n\n<h3 class=\"wp-block-heading\">Explicaci\u00f3n de la falla<\/h3>\n\n\n\n<p class=\"wp-block-paragraph\">La comunidad de WordPress Espa\u00f1a tiene dos herramientas principales de comunicaci\u00f3n: El foro de soporte y el grupo de Slack de WordPress Espa\u00f1a. En el foro  te responder\u00e1n cualquier consulta t\u00e9cnica que tengas sobre WordPress y el Slack es donde se organizan la actividades de los distintos equipos de trabajo.<br><br>Tanto si vas a participar en un Contributor Day de una WordCamp c\u00f3mo si simplemente quieres conocer y colaborar con la comunidad, tendr\u00e1s que abrirte una cuenta el el grupo de Slack.<\/p>\n\n\n\n<h4 class=\"wp-block-heading\">1. Lo primero es lo primero, \u00e1brete una cuenta en WordPress.org:<\/h4>\n\n\n\n<p class=\"wp-block-paragraph\">Entra y reg\u00edstrate en este enlace:&nbsp;<a href=\"https:\/\/login.wordpress.org\/register\">https:\/\/login.wordpress.org\/register<\/a><\/p>\n\n\n\n<p class=\"wp-block-paragraph\">En cuanto verifiques tu cuenta ya puedes entrar en los <a href=\"http:\/\/ https:\/\/es.wordpress.org\/support\/\">foros de soporte de WordPress Espa\u00f1a.<\/a><\/p>\n\n\n\n<h4 class=\"wp-block-heading\">2. \u00danete al Slack de WordPress Espa\u00f1a<\/h4>\n\n\n\n<p class=\"wp-block-paragraph\">Reg\u00edstrate en este enlace introduciendo tu nombre de usuario de WordPress.org:&nbsp;<a href=\"https:\/\/wpes.slack.com\/signup\">https:\/\/wpes.slack.com\/signup<\/a><\/p>\n\n\n\n<p class=\"wp-block-paragraph\">A ser posible, utiliza el mismo nombre de usuario en Slack y en WordPress.org (porque si no va a ser un l\u00edo).<\/p>\n\n\n\n<p class=\"wp-block-paragraph\">Por tener una cuenta de WordPress.org, autom\u00e1ticamente se te asignar\u00e1 un correo electr\u00f3nico del estilo&nbsp;<strong>usuario@chat.wordpress.org<\/strong>&nbsp;a tu perfil. Es muy importante en caso de que olvidaras tu contrase\u00f1a.<\/p>\n\n\n\n<p class=\"wp-block-paragraph\">Dentro de Slack deber\u00e1s buscar el canal (o canales) adecuados y unirte a ellos, por ejemplo: #accesibilidad, #dise\u00f1o, #wpvalencia, etc.<\/p>\n\n\n\n<h3 class=\"wp-block-heading\">Instrucciones en V\u00eddeo<\/h3>\n\n\n\n<figure class=\"wp-block-embed-videopress wp-block-embed is-type-video is-provider-videopress wp-embed-aspect-16-9 wp-has-aspect-ratio\"><div class=\"wp-block-embed__wrapper\">\n<iframe title=\"VideoPress Video Player\" aria-label='VideoPress Video Player' width='525' height='295' src='https:\/\/video.wordpress.com\/embed\/pz3m8iX5?hd=0&amp;cover=1' frameborder='0' allowfullscreen allow='clipboard-write'><\/iframe><script src='https:\/\/v0.wordpress.com\/js\/next\/videopress-iframe.js?m=1674852142'><\/script>\n<\/div><\/figure>\n\n\n\n<p class=\"wp-block-paragraph\">As\u00ed que recuerda venir preparado, y podr\u00e1s comenzar a disfrutar y contribuir en la comunidad WordPress.<\/p>\n","protected":false},"excerpt":{"rendered":"<p>Si es tu primera vez y nunca has asistido al Contributor Day (d\u00eda del contribuidor) este art\u00edculo te va a venir genial para poder aprovecharlo al m\u00e1ximo. Hay una serie de pasos b\u00e1sicos que te har\u00e1n mas productiva la jornada si los traes hechos ya de casa. Qu\u00e9 necesitas para venir al Contributor Day Para &hellip; <\/p>\n<p class=\"link-more\"><a href=\"https:\/\/valencia.wordcamp.org\/2019\/ven-preparado-y-sacale-el-maximo-partido-al-contributor-day\/\" class=\"more-link\">Continuar leyendo<span class=\"screen-reader-text\"> \u00abVen preparado y s\u00e1cale el m\u00e1ximo partido al Contributor Day\u00bb<\/span><\/a><\/p>\n","protected":false},"author":16236779,"featured_media":2426,"comment_status":"open","ping_status":"open","sticky":false,"template":"","format":"standard","meta":{"_crdt_document":"","jetpack_post_was_ever_published":false,"_jetpack_newsletter_access":"","_jetpack_dont_email_post_to_subs":false,"_jetpack_newsletter_tier_id":0,"_jetpack_memberships_contains_paywalled_content":false,"_ef_editorial_meta_date_first-draft-date":"","_ef_editorial_meta_paragraph_assignment":"","_ef_editorial_meta_checkbox_needs-photo":"","_ef_editorial_meta_number_word-count":"","_jetpack_memberships_contains_paid_content":false,"footnotes":"","jetpack_publicize_message":"","jetpack_publicize_feature_enabled":true,"jetpack_social_post_already_shared":true,"jetpack_social_options":{"image_generator_settings":{"template":"highway","default_image_id":0,"font":"","enabled":false},"version":2}},"categories":[1],"tags":[],"class_list":["post-2345","post","type-post","status-publish","format-standard","has-post-thumbnail","hentry","category-uncategorized"],"jetpack_publicize_connections":[],"jetpack_featured_media_url":"https:\/\/valencia.wordcamp.org\/2019\/files\/2019\/09\/mesa-diseno-2-Contributor-Day-WC-Valencia-2018.jpg","jetpack_sharing_enabled":true,"jetpack_shortlink":"https:\/\/wp.me\/paMxYZ-BP","_links":{"self":[{"href":"https:\/\/valencia.wordcamp.org\/2019\/wp-json\/wp\/v2\/posts\/2345","targetHints":{"allow":["GET"]}}],"collection":[{"href":"https:\/\/valencia.wordcamp.org\/2019\/wp-json\/wp\/v2\/posts"}],"about":[{"href":"https:\/\/valencia.wordcamp.org\/2019\/wp-json\/wp\/v2\/types\/post"}],"author":[{"embeddable":true,"href":"https:\/\/valencia.wordcamp.org\/2019\/wp-json\/wp\/v2\/users\/16236779"}],"replies":[{"embeddable":true,"href":"https:\/\/valencia.wordcamp.org\/2019\/wp-json\/wp\/v2\/comments?post=2345"}],"version-history":[{"count":29,"href":"https:\/\/valencia.wordcamp.org\/2019\/wp-json\/wp\/v2\/posts\/2345\/revisions"}],"predecessor-version":[{"id":3082,"href":"https:\/\/valencia.wordcamp.org\/2019\/wp-json\/wp\/v2\/posts\/2345\/revisions\/3082"}],"wp:featuredmedia":[{"embeddable":true,"href":"https:\/\/valencia.wordcamp.org\/2019\/wp-json\/wp\/v2\/media\/2426"}],"wp:attachment":[{"href":"https:\/\/valencia.wordcamp.org\/2019\/wp-json\/wp\/v2\/media?parent=2345"}],"wp:term":[{"taxonomy":"category","embeddable":true,"href":"https:\/\/valencia.wordcamp.org\/2019\/wp-json\/wp\/v2\/categories?post=2345"},{"taxonomy":"post_tag","embeddable":true,"href":"https:\/\/valencia.wordcamp.org\/2019\/wp-json\/wp\/v2\/tags?post=2345"}],"curies":[{"name":"wp","href":"https:\/\/api.w.org\/{rel}","templated":true}]}}