{"id":2359,"date":"2019-10-13T19:16:48","date_gmt":"2019-10-13T17:16:48","guid":{"rendered":"https:\/\/2019.valencia.wordcamp.org\/?p=2359"},"modified":"2019-10-13T19:16:52","modified_gmt":"2019-10-13T17:16:52","slug":"como-funciona-el-contributor-day","status":"publish","type":"post","link":"https:\/\/valencia.wordcamp.org\/2019\/como-funciona-el-contributor-day\/","title":{"rendered":"\u00bfC\u00f3mo funciona el Contributor day?"},"content":{"rendered":"\n<p class=\"wp-block-paragraph\">Si es tu primer Contributor Day aqu\u00ed te vamos a contar lo que hacemos y c\u00f3mo lo hacemos. <\/p>\n\n\n\n<p class=\"wp-block-paragraph\">Debes saber que por el simple hecho de asistir a una WordCamp <strong>ya formas parte de la comunidad.<\/strong> Si eres dise\u00f1ador, desarrollador, periodista, programador, copywriter , etc. o simplemente un usuario de WordPress, <strong>este tambi\u00e9n es  tu sitio. <\/strong><\/p>\n\n\n\n<h2 class=\"wp-block-heading\">Pero \u00bfqui\u00e9n va al Contributor Day?<\/h2>\n\n\n\n<p class=\"wp-block-paragraph\">TODOS.<\/p>\n\n\n\n<p class=\"wp-block-paragraph\">Por supuesto cada uno de nosotros puede participar de una forma distinta: programando, traduciendo, redactando textos, dise\u00f1ando\u2026 tu experiencia puede ayudar a mejorar las pr\u00f3ximas versiones de WordPress.<\/p>\n\n\n\n<h2 class=\"wp-block-heading\">C\u00f3mo trabajaremos<\/h2>\n\n\n\n<p class=\"wp-block-paragraph\">Ese d\u00eda los equipos de la comunidad se organizan en mesas con diferentes objetivos. En cada mesa hay un responsable con experiencia que se encarga de explicar en qu\u00e9 consiste el trabajo de ese equipo y c\u00f3mo se va a realizar,  tambi\u00e9n adjudicar\u00e1 tareas y resolver\u00e1 dudas.<\/p>\n\n\n\n<p class=\"wp-block-paragraph\">Para que esto sea posible es interesante que vengas preparado, <a href=\"https:\/\/2019.valencia.wordcamp.org\/ven-preparado-y-sacale-el-maximo-partido-al-contributor-day\">consulta nuestra gu\u00eda.<\/a><\/p>\n\n\n\n<ul class=\"wp-block-list\"><li>Eres totalmente libre de sentarte en la mesa del equipo que prefieras, tanto si es para colaborar como si s\u00f3lo quieres mirar y aprender c\u00f3mo funciona.<\/li><li>Tambi\u00e9n eres totalmente libre de cambiarte de mesa cuando quieras.<\/li><li>Todos estaremos para ayudar a los dem\u00e1s, pregunta todo lo que necesites.<\/li><\/ul>\n\n\n\n<figure class=\"wp-block-image\"><img loading=\"lazy\" decoding=\"async\" width=\"800\" height=\"503\" src=\"https:\/\/2019.valencia.wordcamp.org\/files\/2019\/09\/mesa-diseno-2-Contributor-Day-WC-Valencia-2018.jpg\" alt=\"\" class=\"wp-image-2426\" srcset=\"https:\/\/valencia.wordcamp.org\/2019\/files\/2019\/09\/mesa-diseno-2-Contributor-Day-WC-Valencia-2018.jpg 800w, https:\/\/valencia.wordcamp.org\/2019\/files\/2019\/09\/mesa-diseno-2-Contributor-Day-WC-Valencia-2018-300x189.jpg 300w, https:\/\/valencia.wordcamp.org\/2019\/files\/2019\/09\/mesa-diseno-2-Contributor-Day-WC-Valencia-2018-768x483.jpg 768w, https:\/\/valencia.wordcamp.org\/2019\/files\/2019\/09\/mesa-diseno-2-Contributor-Day-WC-Valencia-2018-477x300.jpg 477w\" sizes=\"auto, (max-width: 767px) 89vw, (max-width: 1000px) 54vw, (max-width: 1071px) 543px, 580px\" \/><\/figure>\n\n\n\n<p class=\"wp-block-paragraph\">Las mesas depender\u00e1n de los responsables que haya disponibles y del n\u00famero de asistentes, pero estas son las que se suelen encontrar:<\/p>\n\n\n\n<p class=\"wp-block-paragraph\"><strong>Core<\/strong>&nbsp;(<a href=\"https:\/\/make.wordpress.org\/core\/\">https:\/\/make.wordpress.org\/core\/<\/a>). La mesa de core est\u00e1 dirigida a programadores. Es el sitio ideal para aprender a contribuir en el desarrollo del WordPress del futuro.<\/p>\n\n\n\n<p class=\"wp-block-paragraph\"><strong>Traducciones<\/strong>&nbsp;(canales: #traducciones en el Slack de WordPress Espa\u00f1a). Son los encargados de traducir todo WordPress (core, APPs, plugins, temas\u2026) aqu\u00ed puedes aprender a colaborar como traductor y preparar tu c\u00f3digo para traducciones si eres desarrollador.<\/p>\n\n\n\n<p class=\"wp-block-paragraph\"><strong>Dise\u00f1o<\/strong>&nbsp;(canal #dise\u00f1o en el Slack de WordPress Espa\u00f1a). Adem\u00e1s de proponer mejoras para el dise\u00f1o de las pr\u00f3ximas versiones de WordPress, colaboran produciendo y adaptando material gr\u00e1fico para la comunidad.<\/p>\n\n\n\n<p class=\"wp-block-paragraph\"><strong>WordPress.tv<\/strong>&nbsp;(canal #wptv en el Slack de WordPress Espa\u00f1a). Son los responsables de coordinar la producci\u00f3n y moderar todos los v\u00eddeos que se suben a WordPress.tv (donde puedes encontrar pr\u00e1cticamente todas las ponencias de MeetUps y WordCamps). Aqu\u00ed aprender\u00e1s a editarlos y subirlos.<\/p>\n\n\n\n<p class=\"wp-block-paragraph\"><strong>Foros<\/strong>&nbsp;(canal #foros-mods en el Slack de WordPress Espa\u00f1a). El equipo de soporte es el encargado de moderar y administrar <a href=\"https:\/\/es.wordpress.org\/support\/\">los foros de soporte <\/a>de WordPress, que la mayor parte de las veces es el primer contacto con la comunidad para muchos usuarios.<\/p>\n\n\n\n<p class=\"wp-block-paragraph\"><strong>Comunidad<\/strong>&nbsp;(canales: #wordcamps y #meetups en el Slack de WordPress Espa\u00f1a). Una de sus principales funciones es ayudar a la formaci\u00f3n de nuevos grupos de Meetup locales, resolver dudas de los que ya existen y coordinar la organizaci\u00f3n de eventos como las WordCamps.<\/p>\n\n\n\n<div class=\"wp-block-columns has-2-columns is-layout-flex wp-container-core-columns-is-layout-8f761849 wp-block-columns-is-layout-flex\">\n<div class=\"wp-block-column is-layout-flow wp-block-column-is-layout-flow\">\n<figure class=\"wp-block-image\"><img loading=\"lazy\" decoding=\"async\" width=\"800\" height=\"600\" src=\"https:\/\/2019.valencia.wordcamp.org\/files\/2019\/09\/Comida-contributor-day-WCVLC-2018.jpg\" alt=\"\" class=\"wp-image-2434\" srcset=\"https:\/\/valencia.wordcamp.org\/2019\/files\/2019\/09\/Comida-contributor-day-WCVLC-2018.jpg 800w, https:\/\/valencia.wordcamp.org\/2019\/files\/2019\/09\/Comida-contributor-day-WCVLC-2018-300x225.jpg 300w, https:\/\/valencia.wordcamp.org\/2019\/files\/2019\/09\/Comida-contributor-day-WCVLC-2018-768x576.jpg 768w, https:\/\/valencia.wordcamp.org\/2019\/files\/2019\/09\/Comida-contributor-day-WCVLC-2018-400x300.jpg 400w\" sizes=\"auto, (max-width: 767px) 89vw, (max-width: 1000px) 54vw, (max-width: 1071px) 543px, 580px\" \/><\/figure>\n<\/div>\n\n\n\n<div class=\"wp-block-column is-layout-flow wp-block-column-is-layout-flow\">\n<figure class=\"wp-block-image\"><img loading=\"lazy\" decoding=\"async\" width=\"800\" height=\"600\" src=\"https:\/\/2019.valencia.wordcamp.org\/files\/2019\/09\/Comida-contributor-day-2-WCVLC-2018.jpg\" alt=\"\" class=\"wp-image-2433\" srcset=\"https:\/\/valencia.wordcamp.org\/2019\/files\/2019\/09\/Comida-contributor-day-2-WCVLC-2018.jpg 800w, https:\/\/valencia.wordcamp.org\/2019\/files\/2019\/09\/Comida-contributor-day-2-WCVLC-2018-300x225.jpg 300w, https:\/\/valencia.wordcamp.org\/2019\/files\/2019\/09\/Comida-contributor-day-2-WCVLC-2018-768x576.jpg 768w, https:\/\/valencia.wordcamp.org\/2019\/files\/2019\/09\/Comida-contributor-day-2-WCVLC-2018-400x300.jpg 400w\" sizes=\"auto, (max-width: 767px) 89vw, (max-width: 1000px) 54vw, (max-width: 1071px) 543px, 580px\" \/><\/figure>\n<\/div>\n<\/div>\n","protected":false},"excerpt":{"rendered":"<p>Si es tu primer Contributor Day aqu\u00ed te vamos a contar lo que hacemos y c\u00f3mo lo hacemos. Debes saber que por el simple hecho de asistir a una WordCamp ya formas parte de la comunidad. Si eres dise\u00f1ador, desarrollador, periodista, programador, copywriter , etc. o simplemente un usuario de WordPress, este tambi\u00e9n es tu &hellip; <\/p>\n<p class=\"link-more\"><a href=\"https:\/\/valencia.wordcamp.org\/2019\/como-funciona-el-contributor-day\/\" class=\"more-link\">Continuar leyendo<span class=\"screen-reader-text\"> \u00ab\u00bfC\u00f3mo funciona el Contributor day?\u00bb<\/span><\/a><\/p>\n","protected":false},"author":16236779,"featured_media":2431,"comment_status":"open","ping_status":"open","sticky":false,"template":"","format":"standard","meta":{"_crdt_document":"","jetpack_post_was_ever_published":false,"_jetpack_newsletter_access":"","_jetpack_dont_email_post_to_subs":false,"_jetpack_newsletter_tier_id":0,"_jetpack_memberships_contains_paywalled_content":false,"_ef_editorial_meta_date_first-draft-date":"","_ef_editorial_meta_paragraph_assignment":"","_ef_editorial_meta_checkbox_needs-photo":"","_ef_editorial_meta_number_word-count":"","_jetpack_memberships_contains_paid_content":false,"footnotes":"","jetpack_publicize_message":"","jetpack_publicize_feature_enabled":true,"jetpack_social_post_already_shared":true,"jetpack_social_options":{"image_generator_settings":{"template":"highway","default_image_id":0,"font":"","enabled":false},"version":2}},"categories":[1],"tags":[],"class_list":["post-2359","post","type-post","status-publish","format-standard","has-post-thumbnail","hentry","category-uncategorized"],"jetpack_publicize_connections":[],"jetpack_featured_media_url":"https:\/\/valencia.wordcamp.org\/2019\/files\/2019\/09\/Comida-contributor-day-3-WCVLC-2018.jpg","jetpack_sharing_enabled":true,"jetpack_shortlink":"https:\/\/wp.me\/paMxYZ-C3","_links":{"self":[{"href":"https:\/\/valencia.wordcamp.org\/2019\/wp-json\/wp\/v2\/posts\/2359","targetHints":{"allow":["GET"]}}],"collection":[{"href":"https:\/\/valencia.wordcamp.org\/2019\/wp-json\/wp\/v2\/posts"}],"about":[{"href":"https:\/\/valencia.wordcamp.org\/2019\/wp-json\/wp\/v2\/types\/post"}],"author":[{"embeddable":true,"href":"https:\/\/valencia.wordcamp.org\/2019\/wp-json\/wp\/v2\/users\/16236779"}],"replies":[{"embeddable":true,"href":"https:\/\/valencia.wordcamp.org\/2019\/wp-json\/wp\/v2\/comments?post=2359"}],"version-history":[{"count":9,"href":"https:\/\/valencia.wordcamp.org\/2019\/wp-json\/wp\/v2\/posts\/2359\/revisions"}],"predecessor-version":[{"id":2435,"href":"https:\/\/valencia.wordcamp.org\/2019\/wp-json\/wp\/v2\/posts\/2359\/revisions\/2435"}],"wp:featuredmedia":[{"embeddable":true,"href":"https:\/\/valencia.wordcamp.org\/2019\/wp-json\/wp\/v2\/media\/2431"}],"wp:attachment":[{"href":"https:\/\/valencia.wordcamp.org\/2019\/wp-json\/wp\/v2\/media?parent=2359"}],"wp:term":[{"taxonomy":"category","embeddable":true,"href":"https:\/\/valencia.wordcamp.org\/2019\/wp-json\/wp\/v2\/categories?post=2359"},{"taxonomy":"post_tag","embeddable":true,"href":"https:\/\/valencia.wordcamp.org\/2019\/wp-json\/wp\/v2\/tags?post=2359"}],"curies":[{"name":"wp","href":"https:\/\/api.w.org\/{rel}","templated":true}]}}