{"id":2573,"date":"2019-09-19T09:29:25","date_gmt":"2019-09-19T07:29:25","guid":{"rendered":"https:\/\/2019.valencia.wordcamp.org\/?p=2573"},"modified":"2019-09-19T09:29:26","modified_gmt":"2019-09-19T07:29:26","slug":"nota-de-prensa-wordcamp-valencia-2019","status":"publish","type":"post","link":"https:\/\/valencia.wordcamp.org\/2019\/nota-de-prensa-wordcamp-valencia-2019\/","title":{"rendered":"Nota de prensa WordCamp Valencia 2019"},"content":{"rendered":"\n<p class=\"wp-block-paragraph\"><strong>WordCamp Valencia, pone a nuestra ciudad en el mapa de la comunidad internacional WordPress<\/strong><br><\/p>\n\n\n\n<p class=\"wp-block-paragraph\">Los d\u00edas <strong>18-19 de octubre<\/strong> se celebra la <strong>II WordCamp Valencia<\/strong>, un evento anual organizado por la comunidad WordPress local acerca de dise\u00f1o y desarrollo web, marketing, posicionamiento SEO, seguridad y un largo etc. <\/p>\n\n\n\n<p class=\"wp-block-paragraph\">Su formato tipo congreso (con charlas, ponencias, talleres, mesas redondas e incluso networking), alrededor de este gestor de contenidos de software libre, hizo que su primera edici\u00f3n en Valencia contara con 150 asistentes y 16 patrocinadores. <\/p>\n\n\n\n<p class=\"wp-block-paragraph\">En esta segunda edici\u00f3n se espera reunir a unos 300 asistentes y ya cuenta con 29 patrocinadores.&nbsp;<br><\/p>\n\n\n\n<p class=\"wp-block-paragraph\">El primer d\u00eda (d\u00eda 18, de 11:00 a 17:00) se celebrar\u00e1 el Contributor Day (o d\u00eda de la comunidad) en Drassanes, 52 (el Cabanyal). Ese d\u00eda se formar\u00e1n equipos&nbsp; organizados en mesas de trabajo con diferentes objetivos, en las que los asistentes podr\u00e1n aprender de manera pr\u00e1ctica a contribuir en la construcci\u00f3n de un WordPress mejor.&nbsp;<br><\/p>\n\n\n\n<p class=\"wp-block-paragraph\">La segunda jornada (d\u00eda 19, de 9:00 a 19:00) es el d\u00eda dedicado a las ponencias, y contar\u00e1 entre los ponentes con expertos y referentes nacionales e internacionales en lo que al mundo online se refiere. Esta vez el punto de encuentro ser\u00e1 el Complejo Municipal La Petxina.<br><\/p>\n\n\n\n<p class=\"wp-block-paragraph\">Sin duda, un evento que no deber\u00eda perderse ning\u00fan profesional del mundo online y una ocasi\u00f3n \u00fanica para esos desempleados que pretenden reinventarse y\/o reciclarse para volver a formar parte del mundo laboral.<br><\/p>\n\n\n\n<p class=\"wp-block-paragraph\">Entradas:<a href=\"https:\/\/2019.valencia.wordcamp.org\/entradas\/\"> https:\/\/2019.valencia.wordcamp.org\/entradas\/<\/a><br><\/p>\n\n\n\n<p class=\"wp-block-paragraph\">M\u00e1s info:<a href=\"https:\/\/2019.valencia.wordcamp.org\/programas\/\"> https:\/\/2019.valencia.wordcamp.org\/programas\/<\/a><br><\/p>\n\n\n\n<p class=\"wp-block-paragraph\">Contacto: <a href=\"https:\/\/2019.valencia.wordcamp.org\/contacto\/\">https:\/\/2019.valencia.wordcamp.org\/contacto\/<\/a><\/p>\n\n\n\n<p class=\"wp-block-paragraph\">(Si necesitas  m\u00e1s informaci\u00f3n, esta nota en formato PDF u otros recursos para promocionar nuestro evento, puedes <a href=\"https:\/\/drive.google.com\/drive\/folders\/1KFqV1aBkREhuwiPZXOH61BJ_tzF3w0sU?usp=sharing\">descargarlos desde aqu\u00ed<\/a>.)<br><\/p>\n","protected":false},"excerpt":{"rendered":"<p>WordCamp Valencia, pone a nuestra ciudad en el mapa de la comunidad internacional WordPress Los d\u00edas 18-19 de octubre se celebra la II WordCamp Valencia, un evento anual organizado por la comunidad WordPress local acerca de dise\u00f1o y desarrollo web, marketing, posicionamiento SEO, seguridad y un largo etc. Su formato tipo congreso (con charlas, ponencias, &hellip; <\/p>\n<p class=\"link-more\"><a href=\"https:\/\/valencia.wordcamp.org\/2019\/nota-de-prensa-wordcamp-valencia-2019\/\" class=\"more-link\">Continuar leyendo<span class=\"screen-reader-text\"> \u00abNota de prensa WordCamp Valencia 2019\u00bb<\/span><\/a><\/p>\n","protected":false},"author":11641304,"featured_media":0,"comment_status":"open","ping_status":"open","sticky":false,"template":"","format":"standard","meta":{"_crdt_document":"","jetpack_post_was_ever_published":false,"_jetpack_newsletter_access":"","_jetpack_dont_email_post_to_subs":false,"_jetpack_newsletter_tier_id":0,"_jetpack_memberships_contains_paywalled_content":false,"_ef_editorial_meta_date_first-draft-date":"","_ef_editorial_meta_paragraph_assignment":"","_ef_editorial_meta_checkbox_needs-photo":"","_ef_editorial_meta_number_word-count":"","_jetpack_memberships_contains_paid_content":false,"footnotes":"","jetpack_publicize_message":"","jetpack_publicize_feature_enabled":true,"jetpack_social_post_already_shared":true,"jetpack_social_options":{"image_generator_settings":{"template":"highway","default_image_id":0,"font":"","enabled":false},"version":2}},"categories":[1],"tags":[],"class_list":["post-2573","post","type-post","status-publish","format-standard","hentry","category-uncategorized"],"jetpack_publicize_connections":[],"jetpack_featured_media_url":"","jetpack_sharing_enabled":true,"jetpack_shortlink":"https:\/\/wp.me\/paMxYZ-Fv","_links":{"self":[{"href":"https:\/\/valencia.wordcamp.org\/2019\/wp-json\/wp\/v2\/posts\/2573","targetHints":{"allow":["GET"]}}],"collection":[{"href":"https:\/\/valencia.wordcamp.org\/2019\/wp-json\/wp\/v2\/posts"}],"about":[{"href":"https:\/\/valencia.wordcamp.org\/2019\/wp-json\/wp\/v2\/types\/post"}],"author":[{"embeddable":true,"href":"https:\/\/valencia.wordcamp.org\/2019\/wp-json\/wp\/v2\/users\/11641304"}],"replies":[{"embeddable":true,"href":"https:\/\/valencia.wordcamp.org\/2019\/wp-json\/wp\/v2\/comments?post=2573"}],"version-history":[{"count":6,"href":"https:\/\/valencia.wordcamp.org\/2019\/wp-json\/wp\/v2\/posts\/2573\/revisions"}],"predecessor-version":[{"id":2581,"href":"https:\/\/valencia.wordcamp.org\/2019\/wp-json\/wp\/v2\/posts\/2573\/revisions\/2581"}],"wp:attachment":[{"href":"https:\/\/valencia.wordcamp.org\/2019\/wp-json\/wp\/v2\/media?parent=2573"}],"wp:term":[{"taxonomy":"category","embeddable":true,"href":"https:\/\/valencia.wordcamp.org\/2019\/wp-json\/wp\/v2\/categories?post=2573"},{"taxonomy":"post_tag","embeddable":true,"href":"https:\/\/valencia.wordcamp.org\/2019\/wp-json\/wp\/v2\/tags?post=2573"}],"curies":[{"name":"wp","href":"https:\/\/api.w.org\/{rel}","templated":true}]}}