{"id":2617,"date":"2019-09-22T10:00:38","date_gmt":"2019-09-22T08:00:38","guid":{"rendered":"https:\/\/2019.valencia.wordcamp.org\/?p=2617"},"modified":"2019-09-22T20:48:18","modified_gmt":"2019-09-22T18:48:18","slug":"en-wordcamp-valencia-ya-tenemos-nuestro-wapuu","status":"publish","type":"post","link":"https:\/\/valencia.wordcamp.org\/2019\/en-wordcamp-valencia-ya-tenemos-nuestro-wapuu\/","title":{"rendered":"En WordCamp Valencia\u2026 \u00a1Ya tenemos nuestro Wapuu!"},"content":{"rendered":"\n<p class=\"wp-block-paragraph\">Y sab\u00edamos que lo estabas esperando\u2026 Porque s\u00ed, una WordCamp sin su mascota, no es una WordCamp y en esta ocasi\u00f3n hemos contado con la mano m\u00e1gica de nuestro compa\u00f1ero Abel Ruiz (<a rel=\"noreferrer noopener\" aria-label=\" (opens in a new tab)\" href=\"https:\/\/twitter.com\/Aruiz\" target=\"_blank\">@Aruiz<\/a>) que ha dado vida al Wapuu valenciano, festero a tope, d\u00e1ndole unos aires de \u201cfallera\u201d.<\/p>\n\n\n\n<div class=\"wp-block-image\"><figure class=\"aligncenter is-resized\"><img loading=\"lazy\" decoding=\"async\" src=\"https:\/\/2019.valencia.wordcamp.org\/files\/2019\/09\/wapoo-wordcamp-valencia-abel.jpg\" alt=\"Wapoo WordCamp Valencia 2019\" class=\"wp-image-2618\" width=\"359\" height=\"390\" srcset=\"https:\/\/valencia.wordcamp.org\/2019\/files\/2019\/09\/wapoo-wordcamp-valencia-abel.jpg 718w, https:\/\/valencia.wordcamp.org\/2019\/files\/2019\/09\/wapoo-wordcamp-valencia-abel-276x300.jpg 276w\" sizes=\"auto, (max-width: 359px) 100vw, 359px\" \/><\/figure><\/div>\n\n\n\n<p class=\"wp-block-paragraph\"><strong>\u00bfQu\u00e9 no sabes qu\u00e9 es una fallera? <\/strong><\/p>\n\n\n\n<p class=\"wp-block-paragraph\">Pues es, nada m\u00e1s\nni nada menos, que la m\u00e1xima representante de nuestras fiestas patronales (del\n14 al 19 de marzo) y se caracteriza por su simpat\u00eda y belleza (a la vista est\u00e1\nque nuestra Wapaa no puede ser \u201cm\u00e1s guapa\u201d), su peineta, sus mo\u00f1os falleros y\nsu banda. \u00a1Si es que no le falta detalle!<\/p>\n\n\n\n<p class=\"wp-block-paragraph\">Las Fallas, como\ndec\u00edamos, son unas fiestas que tienen lugar a mediados del mes de marzo y es\nuna tradici\u00f3n muy arraigada en diferentes poblaciones de la Comunidad\nValenciana.<\/p>\n\n\n\n<p class=\"wp-block-paragraph\">Podr\u00edamos hablar largo y tendido de nuestra fiesta m\u00e1s grande, pero para FIEST\u00d3N el que tenemos preparado los pr\u00f3ximos <strong>18 y 19 de octubre en la 2\u00aa edici\u00f3n de WordCamp Valencia<\/strong> donde, por supuesto, \u00a1te esperamos!<\/p>\n\n\n\n<p class=\"wp-block-paragraph\">Si todav\u00eda no tienes tu entrada, cons\u00edguela aqu\u00ed: <a href=\"https:\/\/2019.valencia.wordcamp.org\/entradas\/\" target=\"_blank\" rel=\"noreferrer noopener\" aria-label=\" (opens in a new tab)\">https:\/\/2019.valencia.wordcamp.org\/entradas\/<\/a><\/p>\n\n\n\n<p class=\"wp-block-paragraph\">Si vienes podr\u00e1s conocer a nuestro compi Abel, dise\u00f1ador oficial del wapuu fallero (os dejamos una foto para que no se os escape) y preguntarle todo lo que quieras saber acerca de nuestra mascota m\u00e1s festera: <\/p>\n\n\n\n<div class=\"wp-block-image\"><figure class=\"aligncenter is-resized\"><img loading=\"lazy\" decoding=\"async\" src=\"https:\/\/2019.valencia.wordcamp.org\/files\/2019\/09\/abel-ruiz.jpg\" alt=\"Abel Ruiz, autor del Wapuu WordCamp Valencia 2019\" class=\"wp-image-2620\" width=\"389\" height=\"384\" srcset=\"https:\/\/valencia.wordcamp.org\/2019\/files\/2019\/09\/abel-ruiz.jpg 778w, https:\/\/valencia.wordcamp.org\/2019\/files\/2019\/09\/abel-ruiz-300x296.jpg 300w, https:\/\/valencia.wordcamp.org\/2019\/files\/2019\/09\/abel-ruiz-768x758.jpg 768w, https:\/\/valencia.wordcamp.org\/2019\/files\/2019\/09\/abel-ruiz-304x300.jpg 304w, https:\/\/valencia.wordcamp.org\/2019\/files\/2019\/09\/abel-ruiz-100x100.jpg 100w\" sizes=\"auto, (max-width: 389px) 100vw, 389px\" \/><\/figure><\/div>\n\n\n\n<p class=\"wp-block-paragraph\">Pero ojo\u2026 \u00a1Que su curro ha llevado! Abel lo ten\u00eda claro, deb\u00eda partir del archivo base (que puedes encontrar <a href=\"https:\/\/github.com\/marktimemedia\/my-wapuu\" target=\"_blank\" rel=\"noreferrer noopener\" aria-label=\" (opens in a new tab)\">aqu\u00ed<\/a>) y empez\u00f3 a idear lo que luego ser\u00eda nuestra mascota oficial del WordCamp Valencia 2019.<\/p>\n\n\n\n<div class=\"wp-block-image\"><figure class=\"aligncenter\"><img loading=\"lazy\" decoding=\"async\" width=\"1024\" height=\"428\" src=\"https:\/\/2019.valencia.wordcamp.org\/files\/2019\/09\/wapoo-wordcamp-valencia-secuencia-abel-1024x428.jpg\" alt=\"Bocetos Wapuu WordCamp Valencia 2019\" class=\"wp-image-2621\" srcset=\"https:\/\/valencia.wordcamp.org\/2019\/files\/2019\/09\/wapoo-wordcamp-valencia-secuencia-abel-1024x428.jpg 1024w, https:\/\/valencia.wordcamp.org\/2019\/files\/2019\/09\/wapoo-wordcamp-valencia-secuencia-abel-300x126.jpg 300w, https:\/\/valencia.wordcamp.org\/2019\/files\/2019\/09\/wapoo-wordcamp-valencia-secuencia-abel-768x321.jpg 768w, https:\/\/valencia.wordcamp.org\/2019\/files\/2019\/09\/wapoo-wordcamp-valencia-secuencia-abel-500x209.jpg 500w\" sizes=\"auto, (max-width: 767px) 89vw, (max-width: 1000px) 54vw, (max-width: 1071px) 543px, 580px\" \/><\/figure><\/div>\n\n\n\n<p class=\"wp-block-paragraph\">Una de las opciones descartadas fue \u00e9sta que os ense\u00f1amos a continuaci\u00f3n, una naranjita muy simp\u00e1tica, porque no nos enga\u00f1emos, las naranjas de Valencia son otra de las joyas que tenemos en \u201cla <em>terreta<\/em>\u201d y tambi\u00e9n optaba a modelo para nuestro Wapuu. \u00bfQu\u00e9 os parece?<\/p>\n\n\n\n<div class=\"wp-block-image\"><figure class=\"aligncenter is-resized\"><img loading=\"lazy\" decoding=\"async\" src=\"https:\/\/2019.valencia.wordcamp.org\/files\/2019\/09\/wapoo-wordcamp-valencia-naranja-abel.jpeg\" alt=\"Opci\u00f3n para Wapuu WordCamp Valencia\" class=\"wp-image-2622\" width=\"311\" height=\"358\" srcset=\"https:\/\/valencia.wordcamp.org\/2019\/files\/2019\/09\/wapoo-wordcamp-valencia-naranja-abel.jpeg 621w, https:\/\/valencia.wordcamp.org\/2019\/files\/2019\/09\/wapoo-wordcamp-valencia-naranja-abel-261x300.jpeg 261w\" sizes=\"auto, (max-width: 311px) 100vw, 311px\" \/><\/figure><\/div>\n\n\n\n<p class=\"wp-block-paragraph\">\u00a1Nosotros estamos tremendamente orgullosos de nuestra Wapaa!<\/p>\n\n\n\n<p class=\"wp-block-paragraph\">En este enlace puedes ver los dise\u00f1os de Wapuus en otras ciudades del mundo: <a rel=\"noreferrer noopener\" aria-label=\" (opens in a new tab)\" href=\"https:\/\/wapu.us\/wapuus\/\" target=\"_blank\">https:\/\/wapu.us\/wapuus\/<\/a> <\/p>\n\n\n\n<p class=\"wp-block-paragraph\">Durante las pr\u00f3ximas semanas, Wapaa nos acompa\u00f1ar\u00e1 y aportar\u00e1 al evento alegr\u00eda, diversi\u00f3n y buena onda, algo que nos caracteriza a todos los valencianos. <\/p>\n\n\n\n<blockquote class=\"wp-block-quote is-style-large is-layout-flow wp-block-quote-is-layout-flow\"><p><strong>\u201cSenyor pirot\u00e8cnic, pot comen\u00e7ar la WordCamp Val\u00e8ncia 2019!\u201d<\/strong><\/p><\/blockquote>\n","protected":false},"excerpt":{"rendered":"<p>Y sab\u00edamos que lo estabas esperando\u2026 Porque s\u00ed, una WordCamp sin su mascota, no es una WordCamp y en esta ocasi\u00f3n hemos contado con la mano m\u00e1gica de nuestro compa\u00f1ero Abel Ruiz (@Aruiz) que ha dado vida al Wapuu valenciano, festero a tope, d\u00e1ndole unos aires de \u201cfallera\u201d.<\/p>\n","protected":false},"author":6368822,"featured_media":2621,"comment_status":"open","ping_status":"open","sticky":false,"template":"","format":"standard","meta":{"_crdt_document":"","jetpack_post_was_ever_published":false,"_jetpack_newsletter_access":"","_jetpack_dont_email_post_to_subs":false,"_jetpack_newsletter_tier_id":0,"_jetpack_memberships_contains_paywalled_content":false,"_ef_editorial_meta_date_first-draft-date":"","_ef_editorial_meta_paragraph_assignment":"","_ef_editorial_meta_checkbox_needs-photo":"","_ef_editorial_meta_number_word-count":"","_jetpack_memberships_contains_paid_content":false,"footnotes":"","jetpack_publicize_message":"","jetpack_publicize_feature_enabled":true,"jetpack_social_post_already_shared":true,"jetpack_social_options":{"image_generator_settings":{"template":"highway","default_image_id":0,"font":"","enabled":false},"version":2}},"categories":[1],"tags":[],"class_list":["post-2617","post","type-post","status-publish","format-standard","has-post-thumbnail","hentry","category-uncategorized"],"jetpack_publicize_connections":[],"jetpack_featured_media_url":"https:\/\/valencia.wordcamp.org\/2019\/files\/2019\/09\/wapoo-wordcamp-valencia-secuencia-abel.jpg","jetpack_sharing_enabled":true,"jetpack_shortlink":"https:\/\/wp.me\/paMxYZ-Gd","_links":{"self":[{"href":"https:\/\/valencia.wordcamp.org\/2019\/wp-json\/wp\/v2\/posts\/2617","targetHints":{"allow":["GET"]}}],"collection":[{"href":"https:\/\/valencia.wordcamp.org\/2019\/wp-json\/wp\/v2\/posts"}],"about":[{"href":"https:\/\/valencia.wordcamp.org\/2019\/wp-json\/wp\/v2\/types\/post"}],"author":[{"embeddable":true,"href":"https:\/\/valencia.wordcamp.org\/2019\/wp-json\/wp\/v2\/users\/6368822"}],"replies":[{"embeddable":true,"href":"https:\/\/valencia.wordcamp.org\/2019\/wp-json\/wp\/v2\/comments?post=2617"}],"version-history":[{"count":7,"href":"https:\/\/valencia.wordcamp.org\/2019\/wp-json\/wp\/v2\/posts\/2617\/revisions"}],"predecessor-version":[{"id":2630,"href":"https:\/\/valencia.wordcamp.org\/2019\/wp-json\/wp\/v2\/posts\/2617\/revisions\/2630"}],"wp:featuredmedia":[{"embeddable":true,"href":"https:\/\/valencia.wordcamp.org\/2019\/wp-json\/wp\/v2\/media\/2621"}],"wp:attachment":[{"href":"https:\/\/valencia.wordcamp.org\/2019\/wp-json\/wp\/v2\/media?parent=2617"}],"wp:term":[{"taxonomy":"category","embeddable":true,"href":"https:\/\/valencia.wordcamp.org\/2019\/wp-json\/wp\/v2\/categories?post=2617"},{"taxonomy":"post_tag","embeddable":true,"href":"https:\/\/valencia.wordcamp.org\/2019\/wp-json\/wp\/v2\/tags?post=2617"}],"curies":[{"name":"wp","href":"https:\/\/api.w.org\/{rel}","templated":true}]}}