{"id":2971,"date":"2019-10-10T12:11:59","date_gmt":"2019-10-10T10:11:59","guid":{"rendered":"https:\/\/2019.valencia.wordcamp.org\/?p=2971"},"modified":"2019-10-10T12:11:59","modified_gmt":"2019-10-10T10:11:59","slug":"ampliamos-entradas","status":"publish","type":"post","link":"https:\/\/valencia.wordcamp.org\/2019\/ampliamos-entradas\/","title":{"rendered":"\u00a1Ampliamos entradas!"},"content":{"rendered":"\r\n<p class=\"wp-block-paragraph\">\u00a1Estamos de celebraci\u00f3n!<\/p>\r\n\r\n\r\n\r\n<p class=\"wp-block-paragraph\">Todo el equipo de organizaci\u00f3n de la 2\u00aa WordCamp Valencia estamos entusiasmados con la respuesta e inter\u00e9s que ha mostrado la comunidad de WordPress tras haber conseguido el objetivo de venta de entradas que nos hab\u00edamos marcado.<\/p>\r\n\r\n\r\n\r\n<p class=\"wp-block-paragraph\" style=\"text-align: center\"><strong>\u00a1Much\u00edsimas gracias a todos por vuestro apoyo!<\/strong><\/p>\r\n\r\n\r\n\r\n<p class=\"wp-block-paragraph\">Ayer por la tarde se terminaron de vender todas las entradas que ten\u00edamos disponibles.<\/p>\r\n\r\n\r\n\r\n<p class=\"wp-block-paragraph\">Como todav\u00eda hay mucha gente interesada, que nos est\u00e1 escribiendo porque no han llegado a tiempo de comprar la suya, <strong>hemos decidido ampliar con 35 entradas m\u00e1s. <\/strong><\/p>\r\n\r\n\r\n\r\n<p class=\"wp-block-paragraph\">Para que pod\u00e1is acudir el m\u00e1ximo posible a la WordCamp, los organizadores, voluntarios y patrocinadores hemos decidido apretarnos un poco y nos sentaremos en el suelo si hace falta \ud83d\ude1b<\/p>\r\n\r\n\r\n\r\n<p class=\"wp-block-paragraph\">As\u00ed que, si te hab\u00edas quedado sin entrada o estabas dudando si comprarla, no esperes m\u00e1s y <a href=\"https:\/\/2019.valencia.wordcamp.org\/entradas\/\">compra tu entrada<\/a> cuanto antes, ya que <strong>no podremos volver a ampliar<\/strong> de nuevo por el l\u00edmite del aforo.<\/p>\r\n\r\n\r\n\r\n<p class=\"wp-block-paragraph\" style=\"text-align: center\"><strong>\u00a1Date prisa, no durar\u00e1n mucho!<\/strong><\/p>\r\n\r\n\r\n\r\n<p class=\"wp-block-paragraph\"><strong>Y de nuevo&#8230; \u00a1much\u00edsimas gracias a todos por vuestra respuesta con esta 2\u00aa WordCamp Valencia!<\/strong><\/p>\r\n","protected":false},"excerpt":{"rendered":"<p>\u00a1Estamos de celebraci\u00f3n! Todo el equipo de organizaci\u00f3n de la 2\u00aa WordCamp Valencia estamos entusiasmados con la respuesta e inter\u00e9s que ha mostrado la comunidad de WordPress tras haber conseguido el objetivo de venta de entradas que nos hab\u00edamos marcado. \u00a1Much\u00edsimas gracias a todos por vuestro apoyo! Ayer por la tarde se terminaron de vender &hellip; <\/p>\n<p class=\"link-more\"><a href=\"https:\/\/valencia.wordcamp.org\/2019\/ampliamos-entradas\/\" class=\"more-link\">Continuar leyendo<span class=\"screen-reader-text\"> \u00ab\u00a1Ampliamos entradas!\u00bb<\/span><\/a><\/p>\n","protected":false},"author":31259,"featured_media":0,"comment_status":"open","ping_status":"open","sticky":false,"template":"","format":"standard","meta":{"_crdt_document":"","jetpack_post_was_ever_published":false,"_jetpack_newsletter_access":"","_jetpack_dont_email_post_to_subs":false,"_jetpack_newsletter_tier_id":0,"_jetpack_memberships_contains_paywalled_content":false,"_ef_editorial_meta_date_first-draft-date":"","_ef_editorial_meta_paragraph_assignment":"","_ef_editorial_meta_checkbox_needs-photo":"","_ef_editorial_meta_number_word-count":"","_jetpack_memberships_contains_paid_content":false,"footnotes":"","jetpack_publicize_message":"","jetpack_publicize_feature_enabled":true,"jetpack_social_post_already_shared":true,"jetpack_social_options":{"image_generator_settings":{"template":"highway","default_image_id":0,"font":"","enabled":false},"version":2}},"categories":[1],"tags":[],"class_list":["post-2971","post","type-post","status-publish","format-standard","hentry","category-uncategorized"],"jetpack_publicize_connections":[],"jetpack_featured_media_url":"","jetpack_sharing_enabled":true,"jetpack_shortlink":"https:\/\/wp.me\/paMxYZ-LV","_links":{"self":[{"href":"https:\/\/valencia.wordcamp.org\/2019\/wp-json\/wp\/v2\/posts\/2971","targetHints":{"allow":["GET"]}}],"collection":[{"href":"https:\/\/valencia.wordcamp.org\/2019\/wp-json\/wp\/v2\/posts"}],"about":[{"href":"https:\/\/valencia.wordcamp.org\/2019\/wp-json\/wp\/v2\/types\/post"}],"author":[{"embeddable":true,"href":"https:\/\/valencia.wordcamp.org\/2019\/wp-json\/wp\/v2\/users\/31259"}],"replies":[{"embeddable":true,"href":"https:\/\/valencia.wordcamp.org\/2019\/wp-json\/wp\/v2\/comments?post=2971"}],"version-history":[{"count":10,"href":"https:\/\/valencia.wordcamp.org\/2019\/wp-json\/wp\/v2\/posts\/2971\/revisions"}],"predecessor-version":[{"id":2982,"href":"https:\/\/valencia.wordcamp.org\/2019\/wp-json\/wp\/v2\/posts\/2971\/revisions\/2982"}],"wp:attachment":[{"href":"https:\/\/valencia.wordcamp.org\/2019\/wp-json\/wp\/v2\/media?parent=2971"}],"wp:term":[{"taxonomy":"category","embeddable":true,"href":"https:\/\/valencia.wordcamp.org\/2019\/wp-json\/wp\/v2\/categories?post=2971"},{"taxonomy":"post_tag","embeddable":true,"href":"https:\/\/valencia.wordcamp.org\/2019\/wp-json\/wp\/v2\/tags?post=2971"}],"curies":[{"name":"wp","href":"https:\/\/api.w.org\/{rel}","templated":true}]}}