{"id":2983,"date":"2019-10-10T12:46:42","date_gmt":"2019-10-10T10:46:42","guid":{"rendered":"https:\/\/2019.valencia.wordcamp.org\/?p=2983"},"modified":"2019-10-14T18:37:24","modified_gmt":"2019-10-14T16:37:24","slug":"cena-de-asistentes","status":"publish","type":"post","link":"https:\/\/valencia.wordcamp.org\/2019\/cena-de-asistentes\/","title":{"rendered":"Cena de asistentes"},"content":{"rendered":"\n<p class=\"wp-block-paragraph\">\u00bfEres uno de los asistentes de esta edici\u00f3n de la WordCamp? \u00bfTienes inter\u00e9s en hacer networking, conocer gente y pasar un gran fin de semana?<\/p>\n\n\n\n<p class=\"wp-block-paragraph\">Te contamos\u2026<\/p>\n\n\n\n<p class=\"wp-block-paragraph\">Se trata de la cena de asistentes para que, si te apetece, empieces el evento el viernes por la noche y puedas alargarlo hasta el domingo.<\/p>\n\n\n\n<p class=\"wp-block-paragraph\">(Recuerda que la WordCamp Valencia 2019 ser\u00e1 viernes y s\u00e1bado.)<\/p>\n\n\n\n<h2 class=\"wp-block-heading\">\u00bfEn qu\u00e9 consiste la cena de asistentes?<\/h2>\n\n\n\n<p class=\"wp-block-paragraph\">Se trata de una <strong>cena NO OFICIAL<\/strong>, con el fin de reunir a todas las personas que est\u00e1n en Valencia para asistir a la WordCamp. Ya que hab\u00e9is venido hasta aqu\u00ed \u00bfpor qu\u00e9 no conocer gente a la gente en un ambiente m\u00e1s relajado que el del propio evento?<\/p>\n\n\n\n<p class=\"wp-block-paragraph\">La \u00abcena\u00bb consiste en hacer una <strong>quedada en un bar de alguna zona de Valencia para charlar, conocerse y disfrutar en compa\u00f1\u00eda del tiempo que pases en la ciudad<\/strong>.<\/p>\n\n\n\n<h2 class=\"wp-block-heading\">\u00bfCu\u00e1ndo es la cena?<\/h2>\n\n\n\n<p class=\"wp-block-paragraph\">El pr\u00f3ximo viernes 18 de octubre.<\/p>\n\n\n\n<h2 class=\"wp-block-heading\">\u00bfC\u00f3mo participar en la cena?<\/h2>\n\n\n\n<p class=\"wp-block-paragraph\">Para estar en contacto utilizamos un grupo de Whatsapp. Si quieres que te enviemos una invitaci\u00f3n s\u00f3lo tienes que ponerte en contacto con nosotros desde\u00a0<a aria-label=\" (opens in a new tab)\" href=\"https:\/\/twitter.com\/daniserrano_\">Twitter con un mensaje privado a Dani Serrano<\/a> o desde el grupo de\u00a0<a rel=\"noreferrer noopener\" href=\"https:\/\/wpes.slack.com\/messages\/CGMLJ3ME1\/#cena_asistentes_wcs\" target=\"_blank\">Slack de WordPress Espa\u00f1a<\/a>.<\/p>\n\n\n\n<p class=\"wp-block-paragraph\">Desde este grupo se propone el sitio y la hora. Como cualquier otra quedada va quien quiere y quien no quiere no, sin ning\u00fan tipo de compromiso.<\/p>\n\n\n\n<h2 class=\"wp-block-heading\">Un poco m\u00e1s sobre esta cena<\/h2>\n\n\n\n<p class=\"wp-block-paragraph\">Repetimos que <strong>es algo totalmente extraoficial al evento<\/strong>, no hay que apuntarse en ninguna lista, nadie te va a pedir dinero, s\u00f3lo tendr\u00e1s que pagar lo que tu consumas, y participar en el grupo no tiene ning\u00fan compromiso..<\/p>\n\n\n\n<p class=\"wp-block-paragraph\">Es una iniciativa que surgi\u00f3 desde dentro de la Comunidad y nos gustar\u00eda apoyarla\/darle continuidad para que pueda extenderse a todas las WordCamps, no s\u00f3lo las de una ubicaci\u00f3n concreta. <\/p>\n\n\n\n<p class=\"wp-block-paragraph\">Al final somos muchos los que nos desplazamos para asistir a estos eventos y el \u00fanico fin es conocernos y pasar un buen ratito.<\/p>\n","protected":false},"excerpt":{"rendered":"<p>\u00bfEres uno de los asistentes de esta edici\u00f3n de la WordCamp? \u00bfTienes inter\u00e9s en hacer networking, conocer gente y pasar un gran fin de semana? Te contamos\u2026 Se trata de la cena de asistentes para que, si te apetece, empieces el evento el viernes por la noche y puedas alargarlo hasta el domingo. (Recuerda que &hellip; <\/p>\n<p class=\"link-more\"><a href=\"https:\/\/valencia.wordcamp.org\/2019\/cena-de-asistentes\/\" class=\"more-link\">Continuar leyendo<span class=\"screen-reader-text\"> \u00abCena de asistentes\u00bb<\/span><\/a><\/p>\n","protected":false},"author":11641304,"featured_media":0,"comment_status":"open","ping_status":"open","sticky":false,"template":"","format":"standard","meta":{"_crdt_document":"","jetpack_post_was_ever_published":false,"_jetpack_newsletter_access":"","_jetpack_dont_email_post_to_subs":false,"_jetpack_newsletter_tier_id":0,"_jetpack_memberships_contains_paywalled_content":false,"_ef_editorial_meta_date_first-draft-date":"","_ef_editorial_meta_paragraph_assignment":"","_ef_editorial_meta_checkbox_needs-photo":"","_ef_editorial_meta_number_word-count":"","_jetpack_memberships_contains_paid_content":false,"footnotes":"","jetpack_publicize_message":"","jetpack_publicize_feature_enabled":true,"jetpack_social_post_already_shared":true,"jetpack_social_options":{"image_generator_settings":{"template":"highway","default_image_id":0,"font":"","enabled":false},"version":2}},"categories":[1],"tags":[],"class_list":["post-2983","post","type-post","status-publish","format-standard","hentry","category-uncategorized"],"jetpack_publicize_connections":[],"jetpack_featured_media_url":"","jetpack_sharing_enabled":true,"jetpack_shortlink":"https:\/\/wp.me\/paMxYZ-M7","_links":{"self":[{"href":"https:\/\/valencia.wordcamp.org\/2019\/wp-json\/wp\/v2\/posts\/2983","targetHints":{"allow":["GET"]}}],"collection":[{"href":"https:\/\/valencia.wordcamp.org\/2019\/wp-json\/wp\/v2\/posts"}],"about":[{"href":"https:\/\/valencia.wordcamp.org\/2019\/wp-json\/wp\/v2\/types\/post"}],"author":[{"embeddable":true,"href":"https:\/\/valencia.wordcamp.org\/2019\/wp-json\/wp\/v2\/users\/11641304"}],"replies":[{"embeddable":true,"href":"https:\/\/valencia.wordcamp.org\/2019\/wp-json\/wp\/v2\/comments?post=2983"}],"version-history":[{"count":6,"href":"https:\/\/valencia.wordcamp.org\/2019\/wp-json\/wp\/v2\/posts\/2983\/revisions"}],"predecessor-version":[{"id":3215,"href":"https:\/\/valencia.wordcamp.org\/2019\/wp-json\/wp\/v2\/posts\/2983\/revisions\/3215"}],"wp:attachment":[{"href":"https:\/\/valencia.wordcamp.org\/2019\/wp-json\/wp\/v2\/media?parent=2983"}],"wp:term":[{"taxonomy":"category","embeddable":true,"href":"https:\/\/valencia.wordcamp.org\/2019\/wp-json\/wp\/v2\/categories?post=2983"},{"taxonomy":"post_tag","embeddable":true,"href":"https:\/\/valencia.wordcamp.org\/2019\/wp-json\/wp\/v2\/tags?post=2983"}],"curies":[{"name":"wp","href":"https:\/\/api.w.org\/{rel}","templated":true}]}}