{"id":3,"date":"2019-05-17T12:32:18","date_gmt":"2019-05-17T10:32:18","guid":{"rendered":"https:\/\/2019.valencia.wordcamp.org\/2019\/03\/04\/welcome-to-wordcamp-valencia-spain\/"},"modified":"2020-05-14T08:35:41","modified_gmt":"2020-05-14T06:35:41","slug":"bienvenidos-a-la-wordcamp-valencia-2019","status":"publish","type":"post","link":"https:\/\/valencia.wordcamp.org\/2019\/bienvenidos-a-la-wordcamp-valencia-2019\/","title":{"rendered":"Bienvenidos a la WordCamp Valencia 2019"},"content":{"rendered":"\n<p class=\"wp-block-paragraph\">Perm\u00edtenos darte la bienvenida. Si est\u00e1s leyendo esto, te confirmamos que los rumores son ciertos: vamos a celebrar la segunda edici\u00f3n de la WordCamp en Valencia!<\/p>\n\n\n\n<!--more-->\n\n\n\n<h2 class=\"wp-block-heading\">\u00bfCu\u00e1ndo y d\u00f3nde?<\/h2>\n\n\n\n<p class=\"wp-block-paragraph\">La&nbsp;<strong>WordCamp Valencia 2019<\/strong>, ser\u00e1 nuestra segunda edici\u00f3n y se celebrar\u00e1 los d\u00edas&nbsp;<strong>18 y 19 de octubre de 2019<\/strong>, aprovechando el inicio del curso.<\/p>\n\n\n\n<p class=\"wp-block-paragraph\">La programaci\u00f3n base ser\u00e1 la siguiente:<\/p>\n\n\n\n<ul class=\"wp-block-list\"><li><strong>Viernes 18 de octubre: D\u00eda de la comunidad (Contributor Day)<\/strong><\/li><li><strong>s\u00e1bado 19 de octubre: Ponencias y actividades<\/strong><\/li><\/ul>\n\n\n\n<p class=\"wp-block-paragraph\">Podr\u00e1s disfrutar de las charlas en el&nbsp;<strong>Complejo Deportivo y Cultural de la Petxina<\/strong>, cerca del centro y del parque Turia y con muchas facilidades para acceder.<\/p>\n\n\n\n<p class=\"wp-block-paragraph\">En cuanto al Contributor Day, lo vamos a celebrar el d\u00eda de antes, el viernes 18 de octubre. Confirmaremos el lugar pr\u00f3ximamente, pero s\u00ed, que estar\u00e1 en un sitio chulo !<\/p>\n\n\n\n<p class=\"wp-block-paragraph\">Este a\u00f1o repetimos, ya que es la segunda edici\u00f3n de la WordCamp en Valencia. Lo hemos pasado tan bien el a\u00f1o pasado que este a\u00f1o vamos a proponer&nbsp;<strong>2 tracks de charlas<\/strong>&nbsp;super interesantes !<\/p>\n\n\n\n<h2 class=\"wp-block-heading\">\u00bfQu\u00e9 hago hasta entonces?<\/h2>\n\n\n\n<p class=\"wp-block-paragraph\">Estamos en las primeras fases de la organizaci\u00f3n\u2026 y, dicen, las cosas de palacio, van despacio\u2026 por eso, nos estamos dando ca\u00f1a para poder avisarte pronto y que as\u00ed puedas&nbsp;<strong>participar, colaborar o patrocinar la WordCamp Valencia 2019<\/strong>.<\/p>\n\n\n\n<p class=\"wp-block-paragraph\">No vas a tardar en ver&nbsp;<strong>todas las llamadas<\/strong>, as\u00ed que te invitamos a&nbsp;<strong>dejar tu correo para estar al d\u00eda de las novedades<\/strong>. Te lo aconsejamos encarecidamente porque as\u00ed te enterar\u00e1s de todos los detalles sobre conferencias, ponentes y actividades en los pr\u00f3ximos meses.<\/p>\n\n\n\n<p class=\"wp-block-paragraph\">La pr\u00f3xima va a ser la&nbsp;<strong>llamada a los ponentes<\/strong>&nbsp;que empezar\u00e1 dentro de poco, as\u00ed que ya puedes prepararte a proponer tu charla ! Lanzaremos la llamada a trav\u00e9s de un nuevo post, as\u00ed que si no te la quieres perder, te recomendamos dejar tu correo en la casilla de suscripci\u00f3n abajo de esta p\u00e1gina para recibir todas las novedades sobre #WPVLC en tu correo.<\/p>\n\n\n\n<p class=\"wp-block-paragraph\">Tambi\u00e9n puedes mantenerte al tanto siguiendo al hashtag&nbsp;<strong><a href=\"https:\/\/twitter.com\/hashtag\/WCValencia\">#WCValencia<\/a><\/strong>&nbsp;y nuestra cuenta en Twitter,&nbsp;<strong><a href=\"https:\/\/twitter.com\/WCValencia\">@WCValencia<\/a><\/strong>.<\/p>\n","protected":false},"excerpt":{"rendered":"<p>\u00a1Bienvenidos a la WordCamp Valencia 2019!Perm\u00edtenos darte la bienvenida. Si est\u00e1s leyendo esto, te confirmamos que los rumores son ciertos: vamos a celebrar la segunda edici\u00f3n de la WordCamp en Valencia!<\/p>\n","protected":false},"author":16448686,"featured_media":791,"comment_status":"open","ping_status":"open","sticky":false,"template":"","format":"standard","meta":{"_crdt_document":"","jetpack_post_was_ever_published":false,"_jetpack_newsletter_access":"","_jetpack_dont_email_post_to_subs":false,"_jetpack_newsletter_tier_id":0,"_jetpack_memberships_contains_paywalled_content":false,"_ef_editorial_meta_date_first-draft-date":"","_ef_editorial_meta_paragraph_assignment":"","_ef_editorial_meta_checkbox_needs-photo":"","_ef_editorial_meta_number_word-count":"","_jetpack_memberships_contains_paid_content":false,"footnotes":"","jetpack_publicize_message":"","jetpack_publicize_feature_enabled":true,"jetpack_social_post_already_shared":false,"jetpack_social_options":{"image_generator_settings":{"template":"highway","default_image_id":0,"font":"","enabled":false},"version":2}},"categories":[1],"tags":[],"class_list":["post-3","post","type-post","status-publish","format-standard","has-post-thumbnail","hentry","category-uncategorized"],"jetpack_publicize_connections":[],"jetpack_featured_media_url":"https:\/\/valencia.wordcamp.org\/2019\/files\/2019\/05\/logoWC_VLC_2019.png","jetpack_sharing_enabled":true,"jetpack_shortlink":"https:\/\/wp.me\/paMxYZ-3","_links":{"self":[{"href":"https:\/\/valencia.wordcamp.org\/2019\/wp-json\/wp\/v2\/posts\/3","targetHints":{"allow":["GET"]}}],"collection":[{"href":"https:\/\/valencia.wordcamp.org\/2019\/wp-json\/wp\/v2\/posts"}],"about":[{"href":"https:\/\/valencia.wordcamp.org\/2019\/wp-json\/wp\/v2\/types\/post"}],"author":[{"embeddable":true,"href":"https:\/\/valencia.wordcamp.org\/2019\/wp-json\/wp\/v2\/users\/16448686"}],"replies":[{"embeddable":true,"href":"https:\/\/valencia.wordcamp.org\/2019\/wp-json\/wp\/v2\/comments?post=3"}],"version-history":[{"count":17,"href":"https:\/\/valencia.wordcamp.org\/2019\/wp-json\/wp\/v2\/posts\/3\/revisions"}],"predecessor-version":[{"id":3543,"href":"https:\/\/valencia.wordcamp.org\/2019\/wp-json\/wp\/v2\/posts\/3\/revisions\/3543"}],"wp:featuredmedia":[{"embeddable":true,"href":"https:\/\/valencia.wordcamp.org\/2019\/wp-json\/wp\/v2\/media\/791"}],"wp:attachment":[{"href":"https:\/\/valencia.wordcamp.org\/2019\/wp-json\/wp\/v2\/media?parent=3"}],"wp:term":[{"taxonomy":"category","embeddable":true,"href":"https:\/\/valencia.wordcamp.org\/2019\/wp-json\/wp\/v2\/categories?post=3"},{"taxonomy":"post_tag","embeddable":true,"href":"https:\/\/valencia.wordcamp.org\/2019\/wp-json\/wp\/v2\/tags?post=3"}],"curies":[{"name":"wp","href":"https:\/\/api.w.org\/{rel}","templated":true}]}}