{"id":3128,"date":"2019-10-14T20:00:02","date_gmt":"2019-10-14T18:00:02","guid":{"rendered":"https:\/\/2019.valencia.wordcamp.org\/?p=3128"},"modified":"2019-10-26T09:02:37","modified_gmt":"2019-10-26T07:02:37","slug":"m-i-ajuntament-de-valencia-valencia-activa-y-vlc-tech-city","status":"publish","type":"post","link":"https:\/\/valencia.wordcamp.org\/2019\/m-i-ajuntament-de-valencia-valencia-activa-y-vlc-tech-city\/","title":{"rendered":"M.I. Ajuntament de Val\u00e8ncia, Val\u00e8ncia Activa y VLC Tech City"},"content":{"rendered":"<p>Queremos agradecer el apoyo y la ayuda que nos han brindado desde el <strong>M.I. Ayuntamiento de Valencia<\/strong> junto a <strong>Val\u00e8ncia Activa<\/strong> y la plataforma <strong>VLC Tech City<\/strong>. Gracias por apoyar la difusi\u00f3n del conocimiento sobre WordPress para que llegue al mayor n\u00famero de personas.<\/p>\n<p><a href=\"https:\/\/www.valencia.es\/ayuntamiento\/cooperacion.nsf\/vDocumentosTituloAux\/Cooperaci%C3%B3n%20al%20Desarrollo?opendocument&amp;lang=2&amp;nivel=8\" target=\"_blank\" rel=\"noopener noreferrer\"><img loading=\"lazy\" decoding=\"async\" class=\"aligncenter wp-image-2370 size-full\" src=\"https:\/\/2019.valencia.wordcamp.org\/files\/2019\/09\/ayto-valencia-WCVLC-2019.png\" alt=\"\" width=\"480\" height=\"130\" srcset=\"https:\/\/valencia.wordcamp.org\/2019\/files\/2019\/09\/ayto-valencia-WCVLC-2019.png 480w, https:\/\/valencia.wordcamp.org\/2019\/files\/2019\/09\/ayto-valencia-WCVLC-2019-300x81.png 300w\" sizes=\"auto, (max-width: 480px) 100vw, 480px\" \/><\/a><\/p>\n<p><a href=\"http:\/\/valenciactiva.valencia.es\/es\" target=\"_blank\" rel=\"noopener noreferrer\"><img loading=\"lazy\" decoding=\"async\" class=\"aligncenter wp-image-2371 size-medium\" src=\"https:\/\/2019.valencia.wordcamp.org\/files\/2019\/09\/valencia-activa-WCVLC-2019-300x81.png\" alt=\"\" width=\"300\" height=\"81\" srcset=\"https:\/\/valencia.wordcamp.org\/2019\/files\/2019\/09\/valencia-activa-WCVLC-2019-300x81.png 300w, https:\/\/valencia.wordcamp.org\/2019\/files\/2019\/09\/valencia-activa-WCVLC-2019.png 480w\" sizes=\"auto, (max-width: 300px) 100vw, 300px\" \/><\/a><\/p>\n<p><a href=\"http:\/\/vlctechcity.com\/\" target=\"_blank\" rel=\"noopener noreferrer\"><img loading=\"lazy\" decoding=\"async\" class=\"aligncenter wp-image-2372 size-medium\" src=\"https:\/\/2019.valencia.wordcamp.org\/files\/2019\/09\/ValenciaTech-WCVLC-2019-300x81.png\" alt=\"\" width=\"300\" height=\"81\" srcset=\"https:\/\/valencia.wordcamp.org\/2019\/files\/2019\/09\/ValenciaTech-WCVLC-2019-300x81.png 300w, https:\/\/valencia.wordcamp.org\/2019\/files\/2019\/09\/ValenciaTech-WCVLC-2019.png 480w\" sizes=\"auto, (max-width: 300px) 100vw, 300px\" \/><\/a><\/p>\n<p><strong>Val\u00e8ncia Activa se vertebra entorno a tres \u00e1reas: Empleo, Emprendimiento y Formaci\u00f3n.<\/strong><\/p>\n<p><strong>Val\u00e8ncia Activa<\/strong> es el organismo del <strong>Ayuntamiento de Val\u00e8ncia<\/strong> que gestiona las \u00e1reas de Empleo, Formaci\u00f3n y Emprendimiento y que tiene como misi\u00f3n impulsar y coordinar las pol\u00edticas de empleo y desarrollo econ\u00f3mico local en la ciudad de Val\u00e8ncia. Entre sus principales retos destacan la lucha contra la brecha de g\u00e9nero y contra la brecha digital.<\/p>\n<p><strong>Val\u00e8ncia Activa<\/strong> cuenta con una red de 14 centros de Barris per l\u2019Ocupaci\u00f3 distribuidos por toda la ciudad en los que ofrece asesoramiento y acompa\u00f1amiento en el proceso de b\u00fasqueda de empleo. Tambi\u00e9n cuenta con planes de empleo dirigidos a colectivos espec\u00edficos como j\u00f3venes menores de 30 y personas desempleadas de m\u00e1s de 30 y m\u00e1s de 55 a\u00f1os.<\/p>\n<p>En cuanto a formaci\u00f3n, ofrece numerosos cursos de competencias profesionales o idiomas, as\u00ed como formaci\u00f3n sobre habilidades sociales y competencias digitales, adem\u00e1s de formaci\u00f3n espec\u00edfica de tem\u00e1tica emprendedora.<\/p>\n<p>En el apartado de emprendimiento, ofrece -adem\u00e1s de formaci\u00f3n- asesoramiento personalizado a trav\u00e9s de los <strong>Puntos de Atenci\u00f3n al Emprendimiento<\/strong> y cuenta con servicios de transmisi\u00f3n empresarial como <strong>Reactivem<\/strong> o programas como <strong>VIT Emprende<\/strong>, la comunidad emprendedora innovadora m\u00e1s grande de Val\u00e8ncia que cuenta con m\u00e1s de 3.500 miembros.<\/p>\n<p>Adem\u00e1s, ha impulsado la plataforma <strong><a href=\"https:\/\/2019.valencia.wordcamp.org\/sponsor\/valencia-tech-city\/\" target=\"_blank\" rel=\"noopener noreferrer\">VLC Tech City<\/a><\/strong>, un espacio de colaboraci\u00f3n p\u00fablico-privada integrada por los principales agentes sociales y econ\u00f3micos de la ciudad para consolidar Val\u00e8ncia como un hub tecnol\u00f3gico de referencia donde la innovaci\u00f3n y el conocimiento sean los aut\u00e9nticos protagonistas.<\/p>\n<p>\u00a1Muchas gracias por vuestro apoyo a la WordCamp Valencia 2019!<\/p>\n","protected":false},"excerpt":{"rendered":"<p>Queremos agradecer el apoyo y la ayuda que nos han brindado desde el M.I. Ayuntamiento de Valencia junto a Val\u00e8ncia Activa y la plataforma VLC Tech City. Gracias por apoyar la difusi\u00f3n del conocimiento sobre WordPress para que llegue al mayor n\u00famero de personas. Val\u00e8ncia Activa se vertebra entorno a tres \u00e1reas: Empleo, Emprendimiento y &hellip; <\/p>\n<p class=\"link-more\"><a href=\"https:\/\/valencia.wordcamp.org\/2019\/m-i-ajuntament-de-valencia-valencia-activa-y-vlc-tech-city\/\" class=\"more-link\">Continuar leyendo<span class=\"screen-reader-text\"> \u00abM.I. Ajuntament de Val\u00e8ncia, Val\u00e8ncia Activa y VLC Tech City\u00bb<\/span><\/a><\/p>\n","protected":false},"author":6368822,"featured_media":2370,"comment_status":"open","ping_status":"open","sticky":false,"template":"","format":"standard","meta":{"_crdt_document":"","jetpack_post_was_ever_published":false,"_jetpack_newsletter_access":"","_jetpack_dont_email_post_to_subs":false,"_jetpack_newsletter_tier_id":0,"_jetpack_memberships_contains_paywalled_content":false,"_ef_editorial_meta_date_first-draft-date":"","_ef_editorial_meta_paragraph_assignment":"","_ef_editorial_meta_checkbox_needs-photo":"","_ef_editorial_meta_number_word-count":"","_jetpack_memberships_contains_paid_content":false,"footnotes":"","jetpack_publicize_message":"","jetpack_publicize_feature_enabled":true,"jetpack_social_post_already_shared":true,"jetpack_social_options":{"image_generator_settings":{"template":"highway","default_image_id":0,"font":"","enabled":false},"version":2}},"categories":[1],"tags":[],"class_list":["post-3128","post","type-post","status-publish","format-standard","has-post-thumbnail","hentry","category-uncategorized"],"jetpack_publicize_connections":[],"jetpack_featured_media_url":"https:\/\/valencia.wordcamp.org\/2019\/files\/2019\/09\/ayto-valencia-WCVLC-2019.png","jetpack_sharing_enabled":true,"jetpack_shortlink":"https:\/\/wp.me\/paMxYZ-Os","_links":{"self":[{"href":"https:\/\/valencia.wordcamp.org\/2019\/wp-json\/wp\/v2\/posts\/3128","targetHints":{"allow":["GET"]}}],"collection":[{"href":"https:\/\/valencia.wordcamp.org\/2019\/wp-json\/wp\/v2\/posts"}],"about":[{"href":"https:\/\/valencia.wordcamp.org\/2019\/wp-json\/wp\/v2\/types\/post"}],"author":[{"embeddable":true,"href":"https:\/\/valencia.wordcamp.org\/2019\/wp-json\/wp\/v2\/users\/6368822"}],"replies":[{"embeddable":true,"href":"https:\/\/valencia.wordcamp.org\/2019\/wp-json\/wp\/v2\/comments?post=3128"}],"version-history":[{"count":4,"href":"https:\/\/valencia.wordcamp.org\/2019\/wp-json\/wp\/v2\/posts\/3128\/revisions"}],"predecessor-version":[{"id":3402,"href":"https:\/\/valencia.wordcamp.org\/2019\/wp-json\/wp\/v2\/posts\/3128\/revisions\/3402"}],"wp:featuredmedia":[{"embeddable":true,"href":"https:\/\/valencia.wordcamp.org\/2019\/wp-json\/wp\/v2\/media\/2370"}],"wp:attachment":[{"href":"https:\/\/valencia.wordcamp.org\/2019\/wp-json\/wp\/v2\/media?parent=3128"}],"wp:term":[{"taxonomy":"category","embeddable":true,"href":"https:\/\/valencia.wordcamp.org\/2019\/wp-json\/wp\/v2\/categories?post=3128"},{"taxonomy":"post_tag","embeddable":true,"href":"https:\/\/valencia.wordcamp.org\/2019\/wp-json\/wp\/v2\/tags?post=3128"}],"curies":[{"name":"wp","href":"https:\/\/api.w.org\/{rel}","templated":true}]}}