{"id":3298,"date":"2019-10-17T23:52:29","date_gmt":"2019-10-17T21:52:29","guid":{"rendered":"https:\/\/2019.valencia.wordcamp.org\/?p=3298"},"modified":"2019-10-18T05:52:38","modified_gmt":"2019-10-18T03:52:38","slug":"modificacion-en-el-programa","status":"publish","type":"post","link":"https:\/\/valencia.wordcamp.org\/2019\/modificacion-en-el-programa\/","title":{"rendered":"Modificaci\u00f3n en el Programa"},"content":{"rendered":"<p>\u00a1Buenas noches familia!<\/p>\n<p>Lamentamos comunicar que, por motivos de salud, nuestro compa\u00f1ero y amigo <a href=\"https:\/\/twitter.com\/sjimdev\" target=\"_blank\" rel=\"noopener noreferrer\">Santiago Jim\u00e9nez<\/a> no podr\u00e1 acompa\u00f1arnos en la <strong>2\u00aa Edici\u00f3n de WordCamp Valencia<\/strong> 2019.<\/p>\n<p>Desde aqu\u00ed deseamos su pronta recuperaci\u00f3n y que podamos volver a verle en acci\u00f3n, \u00a1\u00e1nimo!<\/p>\n<p><img loading=\"lazy\" decoding=\"async\" class=\"alignnone wp-image-3303 size-full\" src=\"https:\/\/2019.valencia.wordcamp.org\/files\/2019\/08\/ponentes-jesus.amieiro.jpg\" alt=\"\" width=\"768\" height=\"432\" srcset=\"https:\/\/valencia.wordcamp.org\/2019\/files\/2019\/08\/ponentes-jesus.amieiro.jpg 768w, https:\/\/valencia.wordcamp.org\/2019\/files\/2019\/08\/ponentes-jesus.amieiro-300x169.jpg 300w, https:\/\/valencia.wordcamp.org\/2019\/files\/2019\/08\/ponentes-jesus.amieiro-500x281.jpg 500w\" sizes=\"auto, (max-width: 767px) 89vw, (max-width: 1000px) 54vw, (max-width: 1071px) 543px, 580px\" \/><\/p>\n<p>Pero&#8230; \u00a1No os preocup\u00e9is porque vamos a poder disfrutar a la hora prevista (12:50h en la Track 1) de <a href=\"https:\/\/twitter.com\/JesusAmieiro\" target=\"_blank\" rel=\"noopener noreferrer\">Jes\u00fas Amieiro<\/a> y su ponencia \u00ab<strong>Pon un task runner en tu vida para automatizar tu flujo de trabajo<\/strong>\u00ab.<\/p>\n<p>\u00a1Os esperamos a todos!<\/p>\n","protected":false},"excerpt":{"rendered":"<p>\u00a1Buenas noches familia! Lamentamos comunicar que, por motivos de salud, nuestro compa\u00f1ero y amigo Santiago Jim\u00e9nez no podr\u00e1 acompa\u00f1arnos en la 2\u00aa Edici\u00f3n de WordCamp Valencia 2019. Desde aqu\u00ed deseamos su pronta recuperaci\u00f3n y que podamos volver a verle en acci\u00f3n, \u00a1\u00e1nimo! Pero&#8230; \u00a1No os preocup\u00e9is porque vamos a poder disfrutar a la hora prevista &hellip; <\/p>\n<p class=\"link-more\"><a href=\"https:\/\/valencia.wordcamp.org\/2019\/modificacion-en-el-programa\/\" class=\"more-link\">Continuar leyendo<span class=\"screen-reader-text\"> \u00abModificaci\u00f3n en el Programa\u00bb<\/span><\/a><\/p>\n","protected":false},"author":6368822,"featured_media":0,"comment_status":"open","ping_status":"open","sticky":false,"template":"","format":"standard","meta":{"_crdt_document":"","jetpack_post_was_ever_published":false,"_jetpack_newsletter_access":"","_jetpack_dont_email_post_to_subs":false,"_jetpack_newsletter_tier_id":0,"_jetpack_memberships_contains_paywalled_content":false,"_ef_editorial_meta_date_first-draft-date":"","_ef_editorial_meta_paragraph_assignment":"","_ef_editorial_meta_checkbox_needs-photo":"","_ef_editorial_meta_number_word-count":"","_jetpack_memberships_contains_paid_content":false,"footnotes":"","jetpack_publicize_message":"","jetpack_publicize_feature_enabled":true,"jetpack_social_post_already_shared":true,"jetpack_social_options":{"image_generator_settings":{"template":"highway","default_image_id":0,"font":"","enabled":false},"version":2}},"categories":[1],"tags":[],"class_list":["post-3298","post","type-post","status-publish","format-standard","hentry","category-uncategorized"],"jetpack_publicize_connections":[],"jetpack_featured_media_url":"","jetpack_sharing_enabled":true,"jetpack_shortlink":"https:\/\/wp.me\/paMxYZ-Rc","_links":{"self":[{"href":"https:\/\/valencia.wordcamp.org\/2019\/wp-json\/wp\/v2\/posts\/3298","targetHints":{"allow":["GET"]}}],"collection":[{"href":"https:\/\/valencia.wordcamp.org\/2019\/wp-json\/wp\/v2\/posts"}],"about":[{"href":"https:\/\/valencia.wordcamp.org\/2019\/wp-json\/wp\/v2\/types\/post"}],"author":[{"embeddable":true,"href":"https:\/\/valencia.wordcamp.org\/2019\/wp-json\/wp\/v2\/users\/6368822"}],"replies":[{"embeddable":true,"href":"https:\/\/valencia.wordcamp.org\/2019\/wp-json\/wp\/v2\/comments?post=3298"}],"version-history":[{"count":2,"href":"https:\/\/valencia.wordcamp.org\/2019\/wp-json\/wp\/v2\/posts\/3298\/revisions"}],"predecessor-version":[{"id":3305,"href":"https:\/\/valencia.wordcamp.org\/2019\/wp-json\/wp\/v2\/posts\/3298\/revisions\/3305"}],"wp:attachment":[{"href":"https:\/\/valencia.wordcamp.org\/2019\/wp-json\/wp\/v2\/media?parent=3298"}],"wp:term":[{"taxonomy":"category","embeddable":true,"href":"https:\/\/valencia.wordcamp.org\/2019\/wp-json\/wp\/v2\/categories?post=3298"},{"taxonomy":"post_tag","embeddable":true,"href":"https:\/\/valencia.wordcamp.org\/2019\/wp-json\/wp\/v2\/tags?post=3298"}],"curies":[{"name":"wp","href":"https:\/\/api.w.org\/{rel}","templated":true}]}}