{"id":3491,"date":"2019-11-06T13:56:47","date_gmt":"2019-11-06T12:56:47","guid":{"rendered":"https:\/\/2019.valencia.wordcamp.org\/?p=3491"},"modified":"2019-11-06T14:25:44","modified_gmt":"2019-11-06T13:25:44","slug":"wc-valencia-los-numeros-y-las-cuentas","status":"publish","type":"post","link":"https:\/\/valencia.wordcamp.org\/2019\/wc-valencia-los-numeros-y-las-cuentas\/","title":{"rendered":"WC Valencia, los n\u00fameros y las cuentas"},"content":{"rendered":"\n<p class=\"wp-block-paragraph\">Por parte del equipo de organizaci\u00f3n de la <strong>WordCamp Valencia<\/strong>, con el pago de las \u00faltimas facturas hemos terminado de cerrar el presupuesto y, con la publicaci\u00f3n de los <a href=\"https:\/\/2019.valencia.wordcamp.org\/2019\/10\/25\/todas-las-ponencias-track-1-manana\/\">res\u00famenes<\/a> <a href=\"https:\/\/2019.valencia.wordcamp.org\/2019\/10\/25\/todas-las-ponencias-track-1-tarde\/\">de<\/a> <a href=\"https:\/\/2019.valencia.wordcamp.org\/2019\/10\/25\/todas-las-ponencias-track-2-manana\/\">las<\/a> <a href=\"https:\/\/2019.valencia.wordcamp.org\/2019\/10\/25\/todas-las-ponencias-track-2-tarde\/\">charlas<\/a>, podemos dar por cerrada esta segunda edici\u00f3n de WordCamp Valencia. <\/p>\n\n\n\n<p class=\"wp-block-paragraph\"><strong>\u00a1Ahora s\u00ed! <\/strong><\/p>\n\n\n\n<p class=\"wp-block-paragraph\"> Y para terminar, en pro de la transparencia del evento, nos gustar\u00eda compartir los n\u00fameros de esta segunda edici\u00f3n, y las cuentas a nivel econ\u00f3mico.<\/p>\n\n\n\n<h2 class=\"wp-block-heading\">Datos del evento<\/h2>\n\n\n\n<p class=\"wp-block-paragraph\">333 <a href=\"https:\/\/2019.valencia.wordcamp.org\/asistentes\/\">asistentes<\/a> (casi 3 veces m\u00e1s que el a\u00f1o pasado)<br>21 <a href=\"https:\/\/2019.valencia.wordcamp.org\/ponentes\/\">ponentes<\/a><br>37 <a href=\"https:\/\/2019.valencia.wordcamp.org\/sponsors\/\">patrocinadores<\/a><br>9 <a href=\"https:\/\/2019.valencia.wordcamp.org\/#wcorg-sponsor-2770\">microsponsors<\/a><br>2 tracks<br>16 <a href=\"https:\/\/2019.valencia.wordcamp.org\/programas\/\">charlas<\/a> (de las 88 propuestas recibidas)<br>1 mesa redonda<br>15 voluntarios<br>9 <a href=\"https:\/\/2019.valencia.wordcamp.org\/organizadores\/\">organizadores<\/a><br>33.330 visitas a esta web<br>1.318 emails gestionados<br>6 meses de trabajo para organizarla<br>20 reuniones del equipo de organizaci\u00f3n<br>9.455 mensajes del grupo de WhatsApp de la organizaci\u00f3n <br><\/p>\n\n\n\n<h2 class=\"wp-block-heading\">N\u00fameros a nivel econ\u00f3mico<\/h2>\n\n\n\n<p class=\"wp-block-paragraph\">Como algunos ya sab\u00e9is, las WordCamps se organizan sin \u00e1nimo de lucro. Ninguno de los voluntarios o miembros del equipo de organizaci\u00f3n obtiene un rendimiento econ\u00f3mico por su trabajo en el evento. <\/p>\n\n\n\n<p class=\"wp-block-paragraph\">El coste de la entrada (25\u20ac) cubre parte de los gastos , pero no todos, y gracias a las aportaciones de <a href=\"https:\/\/2019.valencia.wordcamp.org\/sponsors\/\">los patrocinadores<\/a> se puede cubrir todo el coste del evento como ver\u00e9is a continuaci\u00f3n.<\/p>\n\n\n\n<h3 class=\"wp-block-heading\"> Ingresos<\/h3>\n\n\n\n<p class=\"wp-block-paragraph\">Se han generado <strong>23.425 euros de ingreso<\/strong>, divididos de la siguiente forma:<\/p>\n\n\n\n<ul class=\"wp-block-list\"><li>Venta de entradas generales: 8.025 \u20ac<\/li><li>Venta de entradas de micropatrocinadores: 900 \u20ac<\/li><li>Patrocinadores: 14.500 \u20ac (32 patrocinadores locales y 5 globales)<\/li><\/ul>\n\n\n\n<h3 class=\"wp-block-heading\">Gastos<\/h3>\n\n\n\n<p class=\"wp-block-paragraph\">Los <strong>gastos han ascendido a 19.604,99 \u20ac<\/strong>, distribuidos de la siguiente forma:<\/p>\n\n\n\n<ul class=\"wp-block-list\"><li>Venue (limpieza, mesas, sillas, etc.): 2.031,90 \u20ac<\/li><li>Audiovisual (Streaming, grabaci\u00f3n, &#8230;): 1.227,98 \u20ac<\/li><li>Impresi\u00f3n (acreditaciones, carteles, rollups,&#8230;): 729,40 \u20ac<\/li><li>La comida del evento (desayuno, almuerzo, comida, horchata, &#8230;): 8.504,70 \u20ac<\/li><li>Swag (camisetas y bolsas): 1.440 \u20ac<\/li><li>Cena ponentes, patrocinadores, organizaci\u00f3n y regalos: 1.938,01 \u20ac <\/li><li>Contributor day: 700 \u20ac<\/li><li>Entradas de ponentes, voluntarios y sponsors: 2.350 \u20ac<\/li><li>AfterParty (cervezas y pizzas): 683 \u20ac<\/li><\/ul>\n\n\n\n<p class=\"wp-block-paragraph\">Como pod\u00e9is observar, <strong>hemos tenido un super\u00e1vit de 3.820,01 \u20ac<\/strong> que pasan a ser gestionados por <a href=\"https:\/\/central.wordcamp.org\/\">WordCamp Central<\/a> y que se dedican a sufragar gastos de otras WordCamps en zonas con dificultades econ\u00f3micas. Con lo que, entre todos los que hemos hecho que este evento haya podido tener lugar, estamos ayudando a la difusi\u00f3n de WordPress en estas zonas .<\/p>\n\n\n\n<p class=\"wp-block-paragraph\">Adem\u00e1s, en l\u00ednea con este objetivo, comentaros tambi\u00e9n que la comida que no se acab\u00f3 en el evento as\u00ed como regalitos de merchandising de los patrocinadores, se donaron al <strong>centro de acogida y atenci\u00f3n a menores en situaci\u00f3n de riesgo San Juan Bautista<\/strong>.<\/p>\n\n\n\n<p class=\"wp-block-paragraph\">Como comentaba al inicio del post, ahora s\u00ed que damos por cerrada la magn\u00edfica experiencia de organizar esta WordCamp. Han sido varios meses de trabajo pero que se ven completamente recompensados por el apoyo y cari\u00f1o que nos hab\u00e9is dado a lo largo de esta aventura, as\u00ed que \u00a1much\u00edsimas gracias! <\/p>\n\n\n\n<p class=\"wp-block-paragraph\"><strong>\u00a1Nos vemos en WordCamp Valencia 2020!<\/strong><\/p>\n\n\n\n<p class=\"wp-block-paragraph\"><\/p>\n","protected":false},"excerpt":{"rendered":"<p>Por parte del equipo de organizaci\u00f3n de la WordCamp Valencia, con el pago de las \u00faltimas facturas hemos terminado de cerrar el presupuesto y, con la publicaci\u00f3n de los res\u00famenes de las charlas, podemos dar por cerrada esta segunda edici\u00f3n de WordCamp Valencia. \u00a1Ahora s\u00ed! Y para terminar, en pro de la transparencia del evento, &hellip; <\/p>\n<p class=\"link-more\"><a href=\"https:\/\/valencia.wordcamp.org\/2019\/wc-valencia-los-numeros-y-las-cuentas\/\" class=\"more-link\">Continuar leyendo<span class=\"screen-reader-text\"> \u00abWC Valencia, los n\u00fameros y las cuentas\u00bb<\/span><\/a><\/p>\n","protected":false},"author":31259,"featured_media":0,"comment_status":"open","ping_status":"open","sticky":false,"template":"","format":"standard","meta":{"_crdt_document":"","jetpack_post_was_ever_published":false,"_jetpack_newsletter_access":"","_jetpack_dont_email_post_to_subs":false,"_jetpack_newsletter_tier_id":0,"_jetpack_memberships_contains_paywalled_content":false,"_ef_editorial_meta_date_first-draft-date":"","_ef_editorial_meta_paragraph_assignment":"","_ef_editorial_meta_checkbox_needs-photo":"","_ef_editorial_meta_number_word-count":"","_jetpack_memberships_contains_paid_content":false,"footnotes":"","jetpack_publicize_message":"","jetpack_publicize_feature_enabled":true,"jetpack_social_post_already_shared":true,"jetpack_social_options":{"image_generator_settings":{"template":"highway","default_image_id":0,"font":"","enabled":false},"version":2}},"categories":[1],"tags":[],"class_list":["post-3491","post","type-post","status-publish","format-standard","hentry","category-uncategorized"],"jetpack_publicize_connections":[],"jetpack_featured_media_url":"","jetpack_sharing_enabled":true,"jetpack_shortlink":"https:\/\/wp.me\/paMxYZ-Uj","_links":{"self":[{"href":"https:\/\/valencia.wordcamp.org\/2019\/wp-json\/wp\/v2\/posts\/3491","targetHints":{"allow":["GET"]}}],"collection":[{"href":"https:\/\/valencia.wordcamp.org\/2019\/wp-json\/wp\/v2\/posts"}],"about":[{"href":"https:\/\/valencia.wordcamp.org\/2019\/wp-json\/wp\/v2\/types\/post"}],"author":[{"embeddable":true,"href":"https:\/\/valencia.wordcamp.org\/2019\/wp-json\/wp\/v2\/users\/31259"}],"replies":[{"embeddable":true,"href":"https:\/\/valencia.wordcamp.org\/2019\/wp-json\/wp\/v2\/comments?post=3491"}],"version-history":[{"count":8,"href":"https:\/\/valencia.wordcamp.org\/2019\/wp-json\/wp\/v2\/posts\/3491\/revisions"}],"predecessor-version":[{"id":3506,"href":"https:\/\/valencia.wordcamp.org\/2019\/wp-json\/wp\/v2\/posts\/3491\/revisions\/3506"}],"wp:attachment":[{"href":"https:\/\/valencia.wordcamp.org\/2019\/wp-json\/wp\/v2\/media?parent=3491"}],"wp:term":[{"taxonomy":"category","embeddable":true,"href":"https:\/\/valencia.wordcamp.org\/2019\/wp-json\/wp\/v2\/categories?post=3491"},{"taxonomy":"post_tag","embeddable":true,"href":"https:\/\/valencia.wordcamp.org\/2019\/wp-json\/wp\/v2\/tags?post=3491"}],"curies":[{"name":"wp","href":"https:\/\/api.w.org\/{rel}","templated":true}]}}