{"id":5,"date":"2019-06-05T19:13:46","date_gmt":"2019-06-05T17:13:46","guid":{"rendered":"https:\/\/2019.valencia.wordcamp.org\/?p=5"},"modified":"2019-07-30T20:33:43","modified_gmt":"2019-07-30T18:33:43","slug":"llamada-a-ponentes","status":"publish","type":"post","link":"https:\/\/valencia.wordcamp.org\/2019\/llamada-a-ponentes\/","title":{"rendered":"Llamada a Ponentes para la WordCamp Valencia 2019"},"content":{"rendered":"\n<p class=\"wp-block-paragraph\">\u00b4<span style=\"color: #ff6600\"><strong>\u00a1ADEL\u00c1NTE!<\/strong><\/span><\/p>\n\n\n\n<p class=\"wp-block-paragraph\">\u00bfY si compartes tus conocimientos con nosotros?<\/p>\n\n\n\n<p class=\"wp-block-paragraph\">La WordCamp Valencia celebra su segunda edici\u00f3n y nos gustar\u00eda saber lo que puedes compartir!<\/p>\n\n\n\n<p class=\"wp-block-paragraph\"><span style=\"color: #ff6600\"><strong>HASTA EL 29 DE JULIO: Estamos buscando <span style=\"color: #ff6600\">ponente<\/span><span style=\"color: #ff6600\">s<\/span> que quieran compartir sus experiencias con la comunidad de WordPress en nuestra WordCamp<\/strong><strong>.<\/strong><\/span><\/p>\n\n\n\n<p class=\"wp-block-paragraph\">Las WordCamps son eventos sin \u00e1nimo de lucro enfocados a escritores de contenido, desarrolladores, dise\u00f1adores, gente de negocios y entusiastas de WordPress. Suponen un lugar excelente para compartir y aprender y \u00a1esperamos que puedas ayudarnos con ello!<\/p>\n\n\n\n<p class=\"wp-block-paragraph\">Adem\u00e1s, este a\u00f1o estamos muy ilusionados porque disponemos de un segundo track de charlas!<\/p>\n\n\n\n<p class=\"wp-block-paragraph\">Nuestros ponentes son personas que est\u00e1n dispuestas a compartir su experiencia y conocimiento con otros. Locales, nacionales, internacionales&#8230; Todos ayudan a hacer que una WordCamp sea el lugar para aprender y descubrir nuevas ideas \u00bfPodr\u00edas ser uno de nuestros ponentes en 2019?<\/p>\n\n\n\n<p class=\"wp-block-paragraph\">Estamos buscando ponentes en un rango de temas muy amplio. Los asistentes de las WordCamps tienen perfiles muy diferentes. Tu ponencia puede dirigirse tanto a <strong>desarrolladores t\u00e9cnicos<\/strong> (de nivel <strong>avanzado<\/strong> o <strong>principiante<\/strong>), como a <strong>usuarios<\/strong> (copywriting, gesti\u00f3n de contenidos, blog),  <strong>dise\u00f1adores<\/strong>,  gente de <strong>SEO<\/strong>, de <strong>negocio<\/strong>, de <strong>marketing<\/strong> y de <strong>comunidad<\/strong>, <strong>etc.<\/strong><\/p>\n\n\n\n<p class=\"wp-block-paragraph\">As\u00ed que no tengas miedo, tu charla puede interesarnos: sea t\u00e9cnica, de desarrollo\/ c\u00f3digo, de usabilidad, de dise\u00f1o, de m\u00e1rketing, de tendencias, de metodolog\u00eda, ense\u00f1ar el uso de un plugin, compartir un testimonio, tu historia acerca de WordPress&#8230;<\/p>\n\n\n\n<p class=\"wp-block-paragraph\">Por cierto&#8230; puedes presentar una ponencia en Espa\u00f1ol&#8230; pero <span style=\"color: #ff6600\"><strong>buscamos tambi\u00e9n ponentes que hablan Ingl\u00e9s!<\/strong><\/span><\/p>\n\n\n\n<p class=\"wp-block-paragraph\">Te animamos a presentarnos una o varias charlas rellenando este formulario. Si tienes varias ideas de charlas, rellena un formulario por charla. No te preocupes, s\u00f3lo seleccionaremos 1 de tus propuestas \ud83d\ude09<\/p>\n\n\n\n<p class=\"wp-block-paragraph\">Tambi\u00e9n tenemos una <a href=\"https:\/\/2019.valencia.wordcamp.org\/2019\/06\/05\/llamada-a-ponentes\/#preguntas\">secci\u00f3n de preguntas y respuestas<\/a> acerca de las ponencias en la WordCamp Valencia 2019 que puede que tengas en mente, aunque si tienes m\u00e1s preguntas, por favor, si\u00e9ntete libre de ponerte en contacto con nosotros.<\/p>\n\n\n\n<p class=\"wp-block-paragraph\">As\u00ed que\u2026 \u00bfa qu\u00e9 esperas? \u00a1Pres\u00e9ntate para ser ponente en la WordCamp Valencia 2019 ahora!<\/p>\n\n\n\n<p class=\"wp-block-paragraph\"><span style=\"color: #ff6600\"><strong>La Llamada a Ponentes estar\u00e1 abierta hasta el d\u00eda 29 de Julio<\/strong><\/span>, as\u00ed que, por favor, aseg\u00farate de enviar tu propuesta a tiempo. Esperamos tener el programa cerrado para poder publicar lo antes posible. Cuanto antes la env\u00edes, m\u00e1s posibilidades tendr\u00e1s de ser seleccionado\/a.<\/p>\n\n\n\n<p class=\"wp-block-paragraph\">\u00a1Nos encantar\u00eda tenerte con nosotros!<\/p>\n\n\n\n<p class=\"wp-block-paragraph\">Para proponer una ponencia, por favor, rellena el formulario aqu\u00ed abajo (si quieres proponernos varias ponencias, rellena un formulario para cada ponencia que propones).<\/p>\n\n\n\n<p class=\"wp-block-paragraph\"><i>NOTA: Recuerda que todos los ponentes de todas las WordCamp del mundo son voluntarios. Ning\u00fan ponente, organizador o voluntario cobra nada; todos aportamos nuestro granito de arena para que eventos como este salgan adelante. As\u00ed podemos difundir el conocimiento all\u00e1 donde haya una comunidad<\/i><\/p>\n\n\n\n<h2 class=\"wp-block-heading\" id=\"form\">Formulario<\/h2>\n\n\n\n<p class=\"wp-block-paragraph\"><strong>(CERRADO PLAZO DE PRESENTACI\u00d3N DE PONENCIAS)<\/strong><\/p>\n\n\n\n<h2 class=\"wp-block-heading\" id=\"preguntas\">Preguntas y respuestas<\/h2>\n\n\n\n<p class=\"wp-block-paragraph\">Ahora que estamos tan cerca de abrir nuestra Llamada a Ponentes, para animar a m\u00e1s ponentes a presentar propuesta de ponencia para la WordCamp Valencia, hemos hecho un brainstorming de algunas de las preguntas que m\u00e1s aparecen acerca de presentarse voluntario para hablar y hemos hecho todo lo posible para responderlas aqu\u00ed para ti.<\/p>\n\n\n\n<p class=\"wp-block-paragraph\">Si hay algo que crees que nos hemos dejado, o algo que creas que es interesante a\u00f1adir, por favor, d\u00e9janos un comentario abajo.<\/p>\n\n\n\n<h2 class=\"wp-block-heading\"><span style=\"color: #ff6600\">P: \u00bfSon bienvenidas las ponencias de todo tipo?<\/span><\/h2>\n\n\n\n<p class=\"wp-block-paragraph\">En corto: S\u00cd. El escenario est\u00e1 preparado para una maravillosa variedad de ponentes y ponencias. Estamos abiertos al abanico de formatos de ponencia al completo y te animamos a presentar cualquier ponencia desde presentaciones de diapositivas a paneles, demostraciones, y cualquier cosa que se te pueda ocurrir.<\/p>\n\n\n\n<p class=\"wp-block-paragraph\">Cualquiera que sea tu idea, nos encantar\u00eda o\u00edrla.<\/p>\n\n\n\n<h2 class=\"wp-block-heading\"><span style=\"color: #ff6600\">P: \u00bfCu\u00e1nto tienen que durar las ponencias?<\/span><\/h2>\n\n\n\n<p class=\"wp-block-paragraph\">Vamos a proponer varios formatos, as\u00ed que cada ponencia encontrar\u00e1 su formato ideal. Todos los formatos duran un m\u00e1ximo de 50 minutos para que los asistentes puedan asistir a una ponencia de un track sin perderse 2 otras ponencias.<\/p>\n\n\n\n<ul class=\"wp-block-list\"><li><strong>Charlas:<\/strong> El tipo de ponencia m\u00e1s popular en una WordCamp. La charla consiste en proponer a los asistentes una presentaci\u00f3n de tu asunto. Con slides o sin slides, hablas de tu tema. Te recomendamos 40 a 45 minutos para dejar un tiempo de 5 minutos de dudas al final.<\/li><li><strong>Talleres:<\/strong> Los talleres son m\u00e1s pr\u00e1cticos. M\u00e1s all\u00e1 que una presentaci\u00f3n, un taller es una demostraci\u00f3n que permite a los asistentes aprender de forma directa y pr\u00e1ctica. Puedes compartir tu pantalla, ense\u00f1ar como hacer algo en concreto, utilizar herramientas para hacer una demo interactiva. Puedes hacer un taller de 50 minutos con la participaci\u00f3n de los asistentes, incluyendo preguntas y respuestas a lo largo del taller, o presentar la demostraci\u00f3n de 40 a 45 minutos y dejar un tiempo de 5 minutos de dudas al final del taller.<\/li><li><strong>Paneles:<\/strong> Un panel es una mesa redonda con varios ponentes que opinan, que comparten experiencia, que reflexionan sobre un tema. Es una interacci\u00f3n entre ponentes, que contestan a preguntas cada uno, compartiendo el tiempo de la charla. Puedes contar tambi\u00e9n con la participaci\u00f3n de los asistentes o de la persona que presenta el panel para las preguntas. El panel dura tambi\u00e9n 50 minutos en total.<\/li><\/ul>\n\n\n\n<p class=\"wp-block-paragraph\">No dudes en usar tu creatividad y presentar una ponencia en un formato que creas que puede ser interesante. Queremos ser flexibles a la hora de crear nuestro horario por lo que estamos m\u00e1s que dispuestos a estudiar cualquier ponencia que nos sugieras aunque caiga fuera de las categor\u00edas que te presentamos m\u00e1s arriba.<\/p>\n\n\n\n<h2 class=\"wp-block-heading\"><span style=\"color: #ff6600\">P: \u00bfHay alguna \u201centrada para ponente\u201d?<\/span><\/h2>\n\n\n\n<p class=\"wp-block-paragraph\">S\u00ed. Todos los ponentes recibir\u00e1n una entrada para el evento al completo as\u00ed como una invitaci\u00f3n a la cena de ponentes que ser\u00e1 en una localizaci\u00f3n supersecreta y superchula. Informaremos a los ponentes de los detalles cuando lo tengamos todo listo, pero una cosa es cierta: os va a encantar!!! S\u00ed, s\u00ed, s\u00ed!<\/p>\n\n\n\n<h2 class=\"wp-block-heading\"><span style=\"color: #ff6600\">P: \u00bfHabr\u00e1 alg\u00fan tipo de apoyo para los ponentes aceptados?<\/span><\/h2>\n\n\n\n<p class=\"wp-block-paragraph\">\u00a1S\u00ed! Nos encanta ayudar y asesorar a nuestros ponentes, y preguntamos a todos nuestros ponentes lo que necesiten para ayudarles a preparar su momento \u00abguay\u00bb.<\/p>\n\n\n\n<p class=\"wp-block-paragraph\">Aunque animamos a los ponentes a relacionarse con los participantes y disfrutar del evento, tambi\u00e9n entendemos que, en ocasiones, un ponente necesita espacio. Por eso, hemos preparado una sala para ponentes donde puedes descansar y repasar tu ponencia en cualquier momento durante el evento.<\/p>\n\n\n\n<p class=\"wp-block-paragraph\">Adem\u00e1s, estamos encantados de que nuestros organizadores se hagan cargo de los ponentes. Aure ser\u00e1 el contacto principal con los ponentes con el equipo de organizaci\u00f3n de la WordCamp Valencia al completo y cualquier pregunta sobre las ponencias tiene que enviarse por <a href=\"#\">correo electr\u00f3nico<\/a>.<\/p>\n\n\n\n<h2 class=\"wp-block-heading\"><span style=\"color: #ff6600\">P: \u00bfImporta que no hayas hablado en una conferencia jam\u00e1s?<\/span><\/h2>\n\n\n\n<p class=\"wp-block-paragraph\">\u00a1Por supuesto que no! Si tienes un tema que es interesante, nos gustar\u00eda o\u00edrte.<br>Nos hemos comprometido a ayudarte a compartir tu experiencia, idea o conocimiento. Esperamos que todo lo que hemos preparado sirva de apoyo a nuestros ponentes para que contribuyan a hacer de esta una WordCamp incre\u00edble.<\/p>\n\n\n\n<h2 class=\"wp-block-heading\"><span style=\"color: #ff6600\">P: \u00bfDe qu\u00e9 deber\u00eda hablarse?<\/span><\/h2>\n\n\n\n<p class=\"wp-block-paragraph\">\u00a1De lo que quieras! En el ecosistema y la comunidad de WordPress se hace tal variedad de cosas diferentes con WordPress (tanto si eso es dise\u00f1ar, escribir contenido, crear negocios o a\u00f1adir caracter\u00edsticas y funcionalidades) de las que nos gustar\u00eda o\u00edr que, por nosotros, har\u00edamos que la WordCamp durase un mes. \u00a1Queremos o\u00edrlo todo!<\/p>\n\n\n\n<p class=\"wp-block-paragraph\">Cu\u00e9ntanos tus casos de \u00e9xito y crecimiento y tampoco tengas miedo de contarnos tus peores experiencias y c\u00f3mo las superaste. \u00a1Podemos aprender mucho los unos de los otros!<\/p>\n\n\n\n<h2 class=\"wp-block-heading\"><span style=\"color: #ff6600\">P: Las ponencias\u2026 \u00bftienen que estar relacionadas con WordPress?<\/span><\/h2>\n\n\n\n<p class=\"wp-block-paragraph\">Todas las ponencias que vamos a seleccionar este a\u00f1o tratan acerca de ayudar a la comunidad WordPress a ser la mejor versi\u00f3n de una comunidad. Al ser una comunidad diversa, compartimos un gran rango de intereses, habilidades, conocimientos y experiencias y, por tanto, no todas las ponencias tienen que tratar sobre WordPress directamente.<\/p>\n\n\n\n<p class=\"wp-block-paragraph\">Dicho de otra manera, tanto si tu ponencia tiene conexi\u00f3n con WordPress, como si trata directamente sobre WordPress, nos gustar\u00eda o\u00edrla.<\/p>\n\n\n\n<h2 class=\"wp-block-heading\"><span style=\"color: #ff6600\">P: \u00bfCu\u00e1nto detalle es necesario al rellenar el formulario para ponentes?<\/span><\/h2>\n\n\n\n<p class=\"wp-block-paragraph\">Tanto o tan poco como quieras. Como recomendaci\u00f3n, te sugerimos que escribas un resumen de tres p\u00e1rrafos como mucho.<\/p>\n\n\n\n<p class=\"wp-block-paragraph\">Para que te hagas una idea de qu\u00e9 hace que una propuesta tenga \u00e9xito, te dejamos un par de ejemplos de propuestas seleccionadas en otras WordCamps. Deber\u00edas darnos un aperitivo de lo que trata tu ponencia sin dar toda la ponencia en el formulario.<\/p>\n\n\n\n<p class=\"wp-block-paragraph\">Ejemplo 1:<\/p>\n\n\n\n<blockquote class=\"wp-block-quote is-layout-flow wp-block-quote-is-layout-flow\"><p>Los Est\u00e1ndares de C\u00f3digo de WordPress existen desde hace tiempo y, sin embargo, aunque sepan que existen, muchos desarrolladores no los utilizan a la hora de escribir c\u00f3digo. Este era mi caso hasta septiembre de 2015, cuando hice el cambio, y ahora \u00a1desear\u00eda haber empezado antes! En esta ponencia, tratar\u00e9 de explicar qu\u00e9 son, c\u00f3mo te pueden ayudar a escribir un c\u00f3digo PHP mejor, m\u00e1s limpio y m\u00e1s seguro y porqu\u00e9 deber\u00edas usarlos para todos tus proyectos de WordPress. Entonces, te mostrar\u00e9 c\u00f3mo integrarlos en tu proceso de desarrollo utilizando dos de los entornos m\u00e1s populares (Sublime Text 3 y Atom Editor en OS X) as\u00ed como las herramientas necesarias para empezar con el m\u00ednimo de inconvenientes.<\/p><\/blockquote>\n\n\n\n<p class=\"wp-block-paragraph\">Ejemplo 2:<\/p>\n\n\n\n<blockquote class=\"wp-block-quote is-layout-flow wp-block-quote-is-layout-flow\"><p>\u00bfNo tienes claro qu\u00e9 es la experiencia de usuario (UX)? (Yo tampoco.) \u00bfO si importa para lo que haces? (\u00a1Ya lo creo que importa!) \u00bfO por qu\u00e9 es importante? (\u00a1Vamos a descubrirlo!) No soy un experto en usabilidad, y no creo que t\u00fa tengas que serlo: todo el mundo deber\u00eda pensar acerca de c\u00f3mo las personas interact\u00faan con las cosas que hacemos. Vamos a coger una simple (\u00a1muy simple!) aplicaci\u00f3n web, desmontarla en todas sus partes, y darnos cuenta de que la usabilidad es complicada, muy importante, y que, definitivamente, vale la pena pensar en ella. Puedes esperar consejos, enlaces, recursos, pomos de puerta, coches, ni\u00f1os peque\u00f1os, y posiblemente un poco de WordPress.<\/p><\/blockquote>\n\n\n\n<h2 class=\"wp-block-heading\"><span style=\"color: #ff6600\">P: \u00bfPuedo presentar m\u00e1s de una ponencia?<\/span><\/h2>\n\n\n\n<p class=\"wp-block-paragraph\">\u00a1Por supuesto! Esto incrementar\u00e1 tus posibilidades de que te seleccionemos y nos dar\u00e1 m\u00e1s variedad de ponencias entre las que seleccionar.<\/p>\n\n\n\n<p class=\"wp-block-paragraph\">Y, \u00a1no te preocupes! No te pediremos que hagas m\u00e1s de una.<\/p>\n\n\n\n<h2 class=\"wp-block-heading\"><span style=\"color: #ff6600\">P: \u00bfQu\u00e9 formato deber\u00edan tener las diapositivas?<\/span><\/h2>\n\n\n\n<p class=\"wp-block-paragraph\">El formato visual queda al criterio del ponente. Tanto si es 4:3 como si es 16:9, nos parece bien.<\/p>\n\n\n\n<p class=\"wp-block-paragraph\">Podr\u00e1s presentar tu charla con tu propio port\u00e1til (y con tu programa favorito, que sea Keynotes, Google Slides, PowerPoint&#8230;). Para asegurarnos de que es posible presentarla en pantalla grande, te preguntaremos luego cu\u00e1l tipo de conexi\u00f3n tienes (HDMI, &#8230;). Y si prefieres utilizar nuestro port\u00e1til, nos tendr\u00e1s que enviar tus diapositivas en PDF.<\/p>\n\n\n\n<p class=\"wp-block-paragraph\">De todas formas, <span style=\"color: #993300\"><strong>necesitaremos una copia en PDF de tus diapositivas<\/strong><\/span> (por si acaso), que uses tu propio port\u00e1til o no.<\/p>\n\n\n\n<h2 class=\"wp-block-heading\"><span style=\"color: #ff6600\">P: \u00bfCu\u00e1l es la fecha l\u00edmite para entregar la presentaci\u00f3n?<\/span><\/h2>\n\n\n\n<p class=\"wp-block-paragraph\">Para poder hacer nuestras pruebas y preparar nuestra parte del material (publicaciones, art\u00edculos, etc) <span style=\"color: #993300\"><strong>necesitamos que nos envi\u00e9is las presentaciones antes del 1 de octubre<\/strong><\/span>.<\/p>\n\n\n\n<p class=\"wp-block-paragraph\">\u00a1Esperamos verte en el escenario en la WordCamp Valencia 2019!<\/p>\n","protected":false},"excerpt":{"rendered":"<p>\u00b4\u00a1ADEL\u00c1NTE! \u00bfY si compartes tus conocimientos con nosotros? La WordCamp Valencia celebra su segunda edici\u00f3n y nos gustar\u00eda saber lo que puedes compartir! HASTA EL 29 DE JULIO: Estamos buscando ponentes que quieran compartir sus experiencias con la comunidad de WordPress en nuestra WordCamp. Las WordCamps son eventos sin \u00e1nimo de lucro enfocados a escritores &hellip; <\/p>\n<p class=\"link-more\"><a href=\"https:\/\/valencia.wordcamp.org\/2019\/llamada-a-ponentes\/\" class=\"more-link\">Continuar leyendo<span class=\"screen-reader-text\"> \u00abLlamada a Ponentes para la WordCamp Valencia 2019\u00bb<\/span><\/a><\/p>\n","protected":false},"author":16448686,"featured_media":978,"comment_status":"open","ping_status":"open","sticky":false,"template":"","format":"standard","meta":{"_crdt_document":"","jetpack_post_was_ever_published":false,"_jetpack_newsletter_access":"","_jetpack_dont_email_post_to_subs":false,"_jetpack_newsletter_tier_id":0,"_jetpack_memberships_contains_paywalled_content":false,"_ef_editorial_meta_date_first-draft-date":"","_ef_editorial_meta_paragraph_assignment":"","_ef_editorial_meta_checkbox_needs-photo":"","_ef_editorial_meta_number_word-count":"","_jetpack_memberships_contains_paid_content":false,"footnotes":"","jetpack_publicize_message":"","jetpack_publicize_feature_enabled":true,"jetpack_social_post_already_shared":true,"jetpack_social_options":{"image_generator_settings":{"template":"highway","default_image_id":0,"font":"","enabled":false},"version":2}},"categories":[1],"tags":[],"class_list":["post-5","post","type-post","status-publish","format-standard","has-post-thumbnail","hentry","category-uncategorized"],"jetpack_publicize_connections":[],"jetpack_featured_media_url":"https:\/\/valencia.wordcamp.org\/2019\/files\/2019\/05\/wordcamp-valencia-2019-llamada-a-ponentes.jpg","jetpack_sharing_enabled":true,"jetpack_shortlink":"https:\/\/wp.me\/paMxYZ-5","_links":{"self":[{"href":"https:\/\/valencia.wordcamp.org\/2019\/wp-json\/wp\/v2\/posts\/5","targetHints":{"allow":["GET"]}}],"collection":[{"href":"https:\/\/valencia.wordcamp.org\/2019\/wp-json\/wp\/v2\/posts"}],"about":[{"href":"https:\/\/valencia.wordcamp.org\/2019\/wp-json\/wp\/v2\/types\/post"}],"author":[{"embeddable":true,"href":"https:\/\/valencia.wordcamp.org\/2019\/wp-json\/wp\/v2\/users\/16448686"}],"replies":[{"embeddable":true,"href":"https:\/\/valencia.wordcamp.org\/2019\/wp-json\/wp\/v2\/comments?post=5"}],"version-history":[{"count":20,"href":"https:\/\/valencia.wordcamp.org\/2019\/wp-json\/wp\/v2\/posts\/5\/revisions"}],"predecessor-version":[{"id":1683,"href":"https:\/\/valencia.wordcamp.org\/2019\/wp-json\/wp\/v2\/posts\/5\/revisions\/1683"}],"wp:featuredmedia":[{"embeddable":true,"href":"https:\/\/valencia.wordcamp.org\/2019\/wp-json\/wp\/v2\/media\/978"}],"wp:attachment":[{"href":"https:\/\/valencia.wordcamp.org\/2019\/wp-json\/wp\/v2\/media?parent=5"}],"wp:term":[{"taxonomy":"category","embeddable":true,"href":"https:\/\/valencia.wordcamp.org\/2019\/wp-json\/wp\/v2\/categories?post=5"},{"taxonomy":"post_tag","embeddable":true,"href":"https:\/\/valencia.wordcamp.org\/2019\/wp-json\/wp\/v2\/tags?post=5"}],"curies":[{"name":"wp","href":"https:\/\/api.w.org\/{rel}","templated":true}]}}