{"id":545,"date":"2019-06-07T17:39:55","date_gmt":"2019-06-07T15:39:55","guid":{"rendered":"https:\/\/2019.valencia.wordcamp.org\/?p=545"},"modified":"2019-06-11T21:09:04","modified_gmt":"2019-06-11T19:09:04","slug":"ya-estan-disponibles-las-entradas-de-la-wordcamp-valencia-2019","status":"publish","type":"post","link":"https:\/\/valencia.wordcamp.org\/2019\/ya-estan-disponibles-las-entradas-de-la-wordcamp-valencia-2019\/","title":{"rendered":"Ya est\u00e1n disponibles las entradas de la WordCamp Valencia 2019"},"content":{"rendered":"\n<p class=\"wp-block-paragraph\">Se acab\u00f3 la espera\u2026<\/p>\n\n\n\n<h2 class=\"wp-block-heading\"><strong>\u00a1Ya puedes comprar tus entradas para esta 2\u00aa edici\u00f3n!<\/strong><\/h2>\n\n\n\n<p class=\"wp-block-paragraph\">\u00a1Estamos emocionados por poder anunciar que <strong>ya est\u00e1n disponibles las entradas<\/strong> para la WordCamp Valencia 2019!<\/p>\n\n\n\n<p class=\"wp-block-paragraph\"><a href=\"https:\/\/2019.valencia.wordcamp.org\/entradas\/\">Compra tu entrada<\/a> ya y \u00fanete a nosotros para esta celebraci\u00f3n de la comunidad local de <strong>WordPress en Valencia<\/strong>. Aprovecha esta oportunidad: dos d\u00edas de charlas, talleres y networking. Las entradas incluyen swags, camiseta del evento, piscolabis, mucho caf\u00e9,  comida, horchata y fartons, y \u00absalvoconducto\u00bb para nuestra <em>after party<\/em>.<\/p>\n\n\n\n<!--more-->\n\n\n\n<h2 class=\"wp-block-heading\">\u00bfQu\u00e9 entradas puedo comprar?<\/h2>\n\n\n\n<p class=\"wp-block-paragraph\">Estos son los tipos de entrada que hay disponibles:<\/p>\n\n\n\n<h3 class=\"wp-block-heading\" style=\"text-align:center\"><strong>Entrada general<\/strong><\/h3>\n\n\n\n<p class=\"wp-block-paragraph\">Con esta entrada podr\u00e1s acceder a todas las conferencias del d\u00eda 19 de octubre.&nbsp; Cuesta <strong>25,00\u20ac.<\/strong><\/p>\n\n\n\n<h3 class=\"wp-block-heading\" style=\"text-align:center\"><strong>Entrada para el D\u00eda de la Comunidad<\/strong><\/h3>\n\n\n\n<p class=\"wp-block-paragraph\">Al comprar tu entrada general, podr\u00e1s acceder y apuntarte al <strong>Contributor Day<\/strong> del viernes 18.<\/p>\n\n\n\n<p class=\"wp-block-paragraph\">Esta entrada te permitir\u00e1 acceso a las actividades del <a href=\"https:\/\/2019.valencia.wordcamp.org\/que-es-el-contributor-day\/\">D\u00eda de la Comunidad <\/a>(Contributor Day). Es gratuita y nos sirve para hacer una estimaci\u00f3n de asistencia al D\u00eda de la Comunidad y tambi\u00e9n para poder pedir las pizzas necesarias. Solo ser\u00e1 v\u00e1lida si la compras junto a una entrada general o StartUp.<\/p>\n\n\n\n<h3 class=\"wp-block-heading\" style=\"text-align:center\"><strong>Entrada StartUp<\/strong><\/h3>\n\n\n\n<p class=\"wp-block-paragraph\">Adem\u00e1s de nuestras entradas normales para el evento y el D\u00eda de la Comunidad (Contributor Day), tambi\u00e9n ponemos a vuestra disposici\u00f3n la(s) entrada(s) <strong>StartUp<\/strong>. <\/p>\n\n\n\n<p class=\"wp-block-paragraph\">Estas entradas nos ayudan a financiar el evento y nos permiten asegurar que mantendremos en esta WordCamp los est\u00e1ndares de calidad a los que est\u00e1is acostumbrados en otras conferencias.<\/p>\n\n\n\n<p class=\"wp-block-paragraph\">Por 100.00\u20ac, esta entrada te dar\u00e1 acceso a las conferencias del d\u00eda 19 de octubre y, al ser un <a href=\"https:\/\/2019.valencia.wordcamp.org\/sponsors\/\">micro-patrocinio<\/a>, estar\u00e1s ayudando como patrocinador a que podamos llevar a cabo este incre\u00edble evento.<\/p>\n\n\n\n<p class=\"wp-block-paragraph\">Como ves, tienes d\u00f3nde elegir. Queremos que este sea nuestro evento grande y nos emociona compartirlo contigo.<\/p>\n\n\n\n<p class=\"wp-block-paragraph\"><a href=\"https:\/\/2019.valencia.wordcamp.org\/entradas\/\">Compra tu entrada, \u00a1Ap\u00fantate ya!<\/a><\/p>\n","protected":false},"excerpt":{"rendered":"<p>Se acab\u00f3 la espera\u2026 \u00a1Ya puedes comprar tus entradas para esta 2\u00aa edici\u00f3n! \u00a1Estamos emocionados por poder anunciar que ya est\u00e1n disponibles las entradas para la WordCamp Valencia 2019! Compra tu entrada ya y \u00fanete a nosotros para esta celebraci\u00f3n de la comunidad local de WordPress en Valencia. Aprovecha esta oportunidad: dos d\u00edas de charlas, &hellip; <\/p>\n<p class=\"link-more\"><a href=\"https:\/\/valencia.wordcamp.org\/2019\/ya-estan-disponibles-las-entradas-de-la-wordcamp-valencia-2019\/\" class=\"more-link\">Continuar leyendo<span class=\"screen-reader-text\"> \u00abYa est\u00e1n disponibles las entradas de la WordCamp Valencia 2019\u00bb<\/span><\/a><\/p>\n","protected":false},"author":16448686,"featured_media":936,"comment_status":"open","ping_status":"open","sticky":false,"template":"","format":"standard","meta":{"_crdt_document":"","jetpack_post_was_ever_published":false,"_jetpack_newsletter_access":"","_jetpack_dont_email_post_to_subs":false,"_jetpack_newsletter_tier_id":0,"_jetpack_memberships_contains_paywalled_content":false,"_ef_editorial_meta_date_first-draft-date":"","_ef_editorial_meta_paragraph_assignment":"","_ef_editorial_meta_checkbox_needs-photo":"","_ef_editorial_meta_number_word-count":"","_jetpack_memberships_contains_paid_content":false,"footnotes":"","jetpack_publicize_message":"","jetpack_publicize_feature_enabled":true,"jetpack_social_post_already_shared":true,"jetpack_social_options":{"image_generator_settings":{"template":"highway","default_image_id":0,"font":"","enabled":false},"version":2}},"categories":[1],"tags":[],"class_list":["post-545","post","type-post","status-publish","format-standard","has-post-thumbnail","hentry","category-uncategorized"],"jetpack_publicize_connections":[],"jetpack_featured_media_url":"https:\/\/valencia.wordcamp.org\/2019\/files\/2019\/06\/entradas-wordcamp-vlc-2019-landscape.jpg","jetpack_sharing_enabled":true,"jetpack_shortlink":"https:\/\/wp.me\/paMxYZ-8N","_links":{"self":[{"href":"https:\/\/valencia.wordcamp.org\/2019\/wp-json\/wp\/v2\/posts\/545","targetHints":{"allow":["GET"]}}],"collection":[{"href":"https:\/\/valencia.wordcamp.org\/2019\/wp-json\/wp\/v2\/posts"}],"about":[{"href":"https:\/\/valencia.wordcamp.org\/2019\/wp-json\/wp\/v2\/types\/post"}],"author":[{"embeddable":true,"href":"https:\/\/valencia.wordcamp.org\/2019\/wp-json\/wp\/v2\/users\/16448686"}],"replies":[{"embeddable":true,"href":"https:\/\/valencia.wordcamp.org\/2019\/wp-json\/wp\/v2\/comments?post=545"}],"version-history":[{"count":15,"href":"https:\/\/valencia.wordcamp.org\/2019\/wp-json\/wp\/v2\/posts\/545\/revisions"}],"predecessor-version":[{"id":1024,"href":"https:\/\/valencia.wordcamp.org\/2019\/wp-json\/wp\/v2\/posts\/545\/revisions\/1024"}],"wp:featuredmedia":[{"embeddable":true,"href":"https:\/\/valencia.wordcamp.org\/2019\/wp-json\/wp\/v2\/media\/936"}],"wp:attachment":[{"href":"https:\/\/valencia.wordcamp.org\/2019\/wp-json\/wp\/v2\/media?parent=545"}],"wp:term":[{"taxonomy":"category","embeddable":true,"href":"https:\/\/valencia.wordcamp.org\/2019\/wp-json\/wp\/v2\/categories?post=545"},{"taxonomy":"post_tag","embeddable":true,"href":"https:\/\/valencia.wordcamp.org\/2019\/wp-json\/wp\/v2\/tags?post=545"}],"curies":[{"name":"wp","href":"https:\/\/api.w.org\/{rel}","templated":true}]}}