{"id":1667,"date":"2026-09-01T12:01:22","date_gmt":"2026-09-01T10:01:22","guid":{"rendered":"https:\/\/valencia.wordcamp.org\/2026\/?p=1667"},"modified":"2026-09-01T12:38:53","modified_gmt":"2026-09-01T10:38:53","slug":"los-numeros-de-wordcamp-valencia-2025-asistentes-charlas-y-patrocinadores","status":"publish","type":"post","link":"https:\/\/valencia.wordcamp.org\/2026\/los-numeros-de-wordcamp-valencia-2025-asistentes-charlas-y-patrocinadores\/","title":{"rendered":"Los n\u00fameros de WordCamp Valencia 2025: asistentes, charlas y patrocinadores"},"content":{"rendered":"\n<p class=\"wp-block-paragraph\"><strong>320 participantes, 98 propuestas de ponencias, 30 patrocinadores y colaboradores y muchas ganas de compartir conocimiento.<\/strong><\/p>\n\n\n\n<p class=\"wp-block-paragraph\"><a href=\"https:\/\/valencia.wordcamp.org\/2026\/como-fue-wordcamp-valencia-2025\/\">WordCamp Valencia 2025 dej\u00f3 buenos recuerdos<\/a>, pero tambi\u00e9n unos cuantos n\u00fameros que ayudan a entender lo que ocurri\u00f3 durante el evento.<\/p>\n\n\n\n<p class=\"wp-block-paragraph\">Hoy hacemos balance.<\/p>\n\n\n\n<h2 class=\"wp-block-heading\">320 participantes en WordCamp Valencia 2025<\/h2>\n\n\n\n<p class=\"wp-block-paragraph\">Empezamos por el dato m\u00e1s importante: <strong>320 personas participaron en WordCamp Valencia 2025<\/strong>.<\/p>\n\n\n\n<p class=\"wp-block-paragraph\">Profesionales del desarrollo, dise\u00f1o, marketing, SEO, negocio, contenidos, hosting y otras muchas \u00e1reas compartieron durante el evento algo m\u00e1s que WordPress.<\/p>\n\n\n\n<p class=\"wp-block-paragraph\">Porque una WordCamp no consiste \u00fanicamente en sentarse delante de un escenario.<\/p>\n\n\n\n<p class=\"wp-block-paragraph\">Tambi\u00e9n est\u00e1n las conversaciones de los descansos, las preguntas despu\u00e9s de una charla, las personas que conoces por primera vez y los encuentros con quienes llevas a\u00f1os hablando a trav\u00e9s de una pantalla.<\/p>\n\n\n\n<p class=\"wp-block-paragraph\">Al final, los n\u00fameros importan, pero las personas son las que hacen la WordCamp.<\/p>\n\n\n\n<figure class=\"wp-block-image aligncenter size-full\"><img loading=\"lazy\" decoding=\"async\" width=\"799\" height=\"533\" src=\"https:\/\/valencia.wordcamp.org\/2026\/files\/2026\/09\/foto-de-familia-de-la-wordcamp-valencia-por-nilo-velez.jpg\" alt=\"\" class=\"wp-image-1670\" srcset=\"https:\/\/valencia.wordcamp.org\/2026\/files\/2026\/09\/foto-de-familia-de-la-wordcamp-valencia-por-nilo-velez.jpg 799w, https:\/\/valencia.wordcamp.org\/2026\/files\/2026\/09\/foto-de-familia-de-la-wordcamp-valencia-por-nilo-velez-450x300.jpg 450w, https:\/\/valencia.wordcamp.org\/2026\/files\/2026\/09\/foto-de-familia-de-la-wordcamp-valencia-por-nilo-velez-768x512.jpg 768w\" sizes=\"auto, (max-width: 799px) 100vw, 799px\" \/><figcaption class=\"wp-element-caption\">Foto de los asistentes a la WordCampp Valencia realizada por Nilo V\u00e9lez<\/figcaption><\/figure>\n\n\n\n<h2 class=\"wp-block-heading\">98 propuestas para 21 ponencias<\/h2>\n\n\n\n<p class=\"wp-block-paragraph\">La <a href=\"https:\/\/valencia.wordcamp.org\/2026\/llamada-ponentes\/\" data-type=\"link\" data-id=\"https:\/\/valencia.wordcamp.org\/2026\/llamada-ponentes\/\">convocatoria de ponentes <\/a>recibi\u00f3 <strong>98 propuestas<\/strong>.<\/p>\n\n\n\n<p class=\"wp-block-paragraph\">Casi cien personas dispuestas a compartir sus conocimientos y experiencia con la comunidad.<\/p>\n\n\n\n<p class=\"wp-block-paragraph\">De todas ellas se seleccionaron <strong>21 ponencias<\/strong> para formar parte del programa de WordCamp Valencia 2025.<\/p>\n\n\n\n<p class=\"wp-block-paragraph\">Aprovechamos para recordarte que a\u00fan puedes postularte como ponente.<\/p>\n\n\n\n<p class=\"wp-block-paragraph\">Y elegir no fue precisamente sencillo.<\/p>\n\n\n\n<p class=\"wp-block-paragraph\">El n\u00famero de propuestas demuestra la cantidad de profesionales que quieren participar activamente en la comunidad y compartir lo que saben.<\/p>\n\n\n\n<p class=\"wp-block-paragraph\">Adem\u00e1s de las ponencias, el programa cont\u00f3 con <strong>5 LightTalks<\/strong>, presentaciones m\u00e1s breves y din\u00e1micas que permitieron incorporar otros temas y formatos durante la jornada.<\/p>\n\n\n\n<p class=\"wp-block-paragraph\">En total:<\/p>\n\n\n\n<ul class=\"wp-block-list\">\n<li><strong>98 propuestas recibidas<\/strong><\/li>\n\n\n\n<li><strong>21 ponencias seleccionadas<\/strong><\/li>\n\n\n\n<li><strong>5 LightTalks<\/strong><\/li>\n<\/ul>\n\n\n\n<p class=\"wp-block-paragraph\">No estuvo mal para un fin de semana.<\/p>\n\n\n\n<div class=\"wp-block-buttons is-content-justification-center is-layout-flex wp-container-core-buttons-is-layout-0aa01211 wp-block-buttons-is-layout-flex\">\n<div class=\"wp-block-button\"><a class=\"wp-block-button__link wp-element-button\" href=\"https:\/\/valencia.wordcamp.org\/2026\/llamada-ponentes\/\"><strong>A\u00fan puedes dejar tu propuesta de charla<\/strong><\/a><\/div>\n<\/div>\n\n\n\n<h2 class=\"wp-block-heading\">6 mesas de comunidad para dejar de escuchar y empezar a hablar<\/h2>\n\n\n\n<p class=\"wp-block-paragraph\">No todo sucedi\u00f3 delante de un escenario.<\/p>\n\n\n\n<p class=\"wp-block-paragraph\">WordCamp Valencia 2025 cont\u00f3 tambi\u00e9n con <strong>6 mesas de comunidad<\/strong> dedicadas al intercambio de ideas y experiencias.<\/p>\n\n\n\n<p class=\"wp-block-paragraph\">Aqu\u00ed los asistentes pod\u00edan participar directamente, compartir problemas, plantear soluciones y conocer c\u00f3mo otras personas afrontan retos similares.<\/p>\n\n\n\n<p class=\"wp-block-paragraph\">Porque compartir conocimiento no siempre significa tener un micr\u00f3fono en la mano.<\/p>\n\n\n\n<p class=\"wp-block-paragraph\">A veces basta con sentarse alrededor de una mesa y empezar a hablar.<\/p>\n\n\n\n<figure class=\"wp-block-image aligncenter size-full\"><img loading=\"lazy\" decoding=\"async\" width=\"799\" height=\"533\" src=\"https:\/\/valencia.wordcamp.org\/2026\/files\/2026\/09\/imagen-mesa-de-comunidad-wordcamp-valencia-by-nilo-velez.jpg\" alt=\"\" class=\"wp-image-1674\" srcset=\"https:\/\/valencia.wordcamp.org\/2026\/files\/2026\/09\/imagen-mesa-de-comunidad-wordcamp-valencia-by-nilo-velez.jpg 799w, https:\/\/valencia.wordcamp.org\/2026\/files\/2026\/09\/imagen-mesa-de-comunidad-wordcamp-valencia-by-nilo-velez-768x512.jpg 768w, https:\/\/valencia.wordcamp.org\/2026\/files\/2026\/09\/imagen-mesa-de-comunidad-wordcamp-valencia-by-nilo-velez-450x300.jpg 450w\" sizes=\"auto, (max-width: 799px) 100vw, 799px\" \/><figcaption class=\"wp-element-caption\">Feto del Contributor Day por Nilo V\u00e9lez<\/figcaption><\/figure>\n\n\n\n<h2 class=\"wp-block-heading\">30 patrocinadores y colaboradores<\/h2>\n\n\n\n<p class=\"wp-block-paragraph\">Otro de los grandes n\u00fameros de 2025 fue el de empresas y entidades que hicieron posible el evento.<\/p>\n\n\n\n<p class=\"wp-block-paragraph\"><strong>30 <a href=\"https:\/\/valencia.wordcamp.org\/2026\/llamada-a-patrocinadores\/\">patrocinadores y colaboradores<\/a><\/strong> apostaron por WordCamp Valencia.<\/p>\n\n\n\n<figure class=\"wp-block-embed is-type-rich is-provider-instagram wp-block-embed-instagram\"><div class=\"wp-block-embed__wrapper\">\n<blockquote class=\"instagram-media\" data-instgrm-captioned data-instgrm-permalink=\"https:\/\/www.instagram.com\/p\/DQyzyTaER9c\/?utm_source=ig_embed&amp;utm_campaign=loading\" data-instgrm-version=\"14\" style=\" background:#FFF; border:0; border-radius:3px; box-shadow:0 0 1px 0 rgba(0,0,0,0.5),0 1px 10px 0 rgba(0,0,0,0.15); margin: 1px; max-width:500px; min-width:326px; padding:0; width:99.375%; width:-webkit-calc(100% - 2px); width:calc(100% - 2px);\"><div style=\"padding:16px;\"> <a href=\"https:\/\/www.instagram.com\/p\/DQyzyTaER9c\/?utm_source=ig_embed&amp;utm_campaign=loading\" style=\" background:#FFFFFF; line-height:0; padding:0 0; text-align:center; text-decoration:none; width:100%;\" target=\"_blank\"> <div style=\" display: flex; flex-direction: row; align-items: center;\"> <div style=\"background-color: #F4F4F4; border-radius: 50%; flex-grow: 0; height: 40px; margin-right: 14px; width: 40px;\"><\/div> <div style=\"display: flex; flex-direction: column; flex-grow: 1; justify-content: center;\"> <div style=\" background-color: #F4F4F4; border-radius: 4px; flex-grow: 0; height: 14px; margin-bottom: 6px; width: 100px;\"><\/div> <div style=\" background-color: #F4F4F4; border-radius: 4px; flex-grow: 0; height: 14px; width: 60px;\"><\/div><\/div><\/div><div style=\"padding: 19% 0;\"><\/div> <div style=\"display:block; height:50px; margin:0 auto 12px; width:50px;\"><svg width=\"50px\" height=\"50px\" viewBox=\"0 0 60 60\" version=\"1.1\" xmlns=\"https:\/\/www.w3.org\/2000\/svg\" xmlns:xlink=\"https:\/\/www.w3.org\/1999\/xlink\"><g stroke=\"none\" stroke-width=\"1\" fill=\"none\" fill-rule=\"evenodd\"><g transform=\"translate(-511.000000, -20.000000)\" fill=\"#000000\"><g><path d=\"M556.869,30.41 C554.814,30.41 553.148,32.076 553.148,34.131 C553.148,36.186 554.814,37.852 556.869,37.852 C558.924,37.852 560.59,36.186 560.59,34.131 C560.59,32.076 558.924,30.41 556.869,30.41 M541,60.657 C535.114,60.657 530.342,55.887 530.342,50 C530.342,44.114 535.114,39.342 541,39.342 C546.887,39.342 551.658,44.114 551.658,50 C551.658,55.887 546.887,60.657 541,60.657 M541,33.886 C532.1,33.886 524.886,41.1 524.886,50 C524.886,58.899 532.1,66.113 541,66.113 C549.9,66.113 557.115,58.899 557.115,50 C557.115,41.1 549.9,33.886 541,33.886 M565.378,62.101 C565.244,65.022 564.756,66.606 564.346,67.663 C563.803,69.06 563.154,70.057 562.106,71.106 C561.058,72.155 560.06,72.803 558.662,73.347 C557.607,73.757 556.021,74.244 553.102,74.378 C549.944,74.521 548.997,74.552 541,74.552 C533.003,74.552 532.056,74.521 528.898,74.378 C525.979,74.244 524.393,73.757 523.338,73.347 C521.94,72.803 520.942,72.155 519.894,71.106 C518.846,70.057 518.197,69.06 517.654,67.663 C517.244,66.606 516.755,65.022 516.623,62.101 C516.479,58.943 516.448,57.996 516.448,50 C516.448,42.003 516.479,41.056 516.623,37.899 C516.755,34.978 517.244,33.391 517.654,32.338 C518.197,30.938 518.846,29.942 519.894,28.894 C520.942,27.846 521.94,27.196 523.338,26.654 C524.393,26.244 525.979,25.756 528.898,25.623 C532.057,25.479 533.004,25.448 541,25.448 C548.997,25.448 549.943,25.479 553.102,25.623 C556.021,25.756 557.607,26.244 558.662,26.654 C560.06,27.196 561.058,27.846 562.106,28.894 C563.154,29.942 563.803,30.938 564.346,32.338 C564.756,33.391 565.244,34.978 565.378,37.899 C565.522,41.056 565.552,42.003 565.552,50 C565.552,57.996 565.522,58.943 565.378,62.101 M570.82,37.631 C570.674,34.438 570.167,32.258 569.425,30.349 C568.659,28.377 567.633,26.702 565.965,25.035 C564.297,23.368 562.623,22.342 560.652,21.575 C558.743,20.834 556.562,20.326 553.369,20.18 C550.169,20.033 549.148,20 541,20 C532.853,20 531.831,20.033 528.631,20.18 C525.438,20.326 523.257,20.834 521.349,21.575 C519.376,22.342 517.703,23.368 516.035,25.035 C514.368,26.702 513.342,28.377 512.574,30.349 C511.834,32.258 511.326,34.438 511.181,37.631 C511.035,40.831 511,41.851 511,50 C511,58.147 511.035,59.17 511.181,62.369 C511.326,65.562 511.834,67.743 512.574,69.651 C513.342,71.625 514.368,73.296 516.035,74.965 C517.703,76.634 519.376,77.658 521.349,78.425 C523.257,79.167 525.438,79.673 528.631,79.82 C531.831,79.965 532.853,80.001 541,80.001 C549.148,80.001 550.169,79.965 553.369,79.82 C556.562,79.673 558.743,79.167 560.652,78.425 C562.623,77.658 564.297,76.634 565.965,74.965 C567.633,73.296 568.659,71.625 569.425,69.651 C570.167,67.743 570.674,65.562 570.82,62.369 C570.966,59.17 571,58.147 571,50 C571,41.851 570.966,40.831 570.82,37.631\"><\/path><\/g><\/g><\/g><\/svg><\/div><div style=\"padding-top: 8px;\"> <div style=\" color:#3897f0; font-family:Arial,sans-serif; font-size:14px; font-style:normal; font-weight:550; line-height:18px;\">View this post on Instagram<\/div><\/div><div style=\"padding: 12.5% 0;\"><\/div> <div style=\"display: flex; flex-direction: row; margin-bottom: 14px; align-items: center;\"><div> <div style=\"background-color: #F4F4F4; border-radius: 50%; height: 12.5px; width: 12.5px; transform: translateX(0px) translateY(7px);\"><\/div> <div style=\"background-color: #F4F4F4; height: 12.5px; transform: rotate(-45deg) translateX(3px) translateY(1px); width: 12.5px; flex-grow: 0; margin-right: 14px; margin-left: 2px;\"><\/div> <div style=\"background-color: #F4F4F4; border-radius: 50%; height: 12.5px; width: 12.5px; transform: translateX(9px) translateY(-18px);\"><\/div><\/div><div style=\"margin-left: 8px;\"> <div style=\" background-color: #F4F4F4; border-radius: 50%; flex-grow: 0; height: 20px; width: 20px;\"><\/div> <div style=\" width: 0; height: 0; border-top: 2px solid transparent; border-left: 6px solid #f4f4f4; border-bottom: 2px solid transparent; transform: translateX(16px) translateY(-4px) rotate(30deg)\"><\/div><\/div><div style=\"margin-left: auto;\"> <div style=\" width: 0px; border-top: 8px solid #F4F4F4; border-right: 8px solid transparent; transform: translateY(16px);\"><\/div> <div style=\" background-color: #F4F4F4; flex-grow: 0; height: 12px; width: 16px; transform: translateY(-4px);\"><\/div> <div style=\" width: 0; height: 0; border-top: 8px solid #F4F4F4; border-left: 8px solid transparent; transform: translateY(-4px) translateX(8px);\"><\/div><\/div><\/div> <div style=\"display: flex; flex-direction: column; flex-grow: 1; justify-content: center; margin-bottom: 24px;\"> <div style=\" background-color: #F4F4F4; border-radius: 4px; flex-grow: 0; height: 14px; margin-bottom: 6px; width: 224px;\"><\/div> <div style=\" background-color: #F4F4F4; border-radius: 4px; flex-grow: 0; height: 14px; width: 144px;\"><\/div><\/div><\/a><\/div><\/blockquote><script async src=\"\/\/platform.instagram.com\/en_US\/embeds.js\"><\/script>\n<\/div><\/figure>\n\n\n\n<p class=\"wp-block-paragraph\">Su apoyo permite disponer de infraestructura, servicios, materiales y recursos que ayudan a mantener la calidad del evento y la experiencia de quienes asisten.<\/p>\n\n\n\n<p class=\"wp-block-paragraph\">Pero los patrocinadores tampoco son solamente logos colocados en una web.<\/p>\n\n\n\n<p class=\"wp-block-paragraph\">Detr\u00e1s de sus <em>stands <\/em>hay personas, muchas de ellas vinculadas desde hace a\u00f1os a WordPress y su comunidad.<\/p>\n\n\n\n<p class=\"wp-block-paragraph\">Por eso, si vienes a una WordCamp, ac\u00e9rcate a hablar con ellas.<\/p>\n\n\n\n<p class=\"wp-block-paragraph\">Aunque sabemos que a veces el primer contacto empieza por el <em>merchan<\/em>. No vamos a juzgar si vas con <em>merchan <\/em>por encima de tus posibilidades\ud83d\ude1c<\/p>\n\n\n\n<h2 class=\"wp-block-heading\">12 voluntarios y 7 organizadores<\/h2>\n\n\n\n<p class=\"wp-block-paragraph\">Y mientras los asistentes disfrutaban del evento, hab\u00eda otro grupo de personas intentando que todo funcionara.<\/p>\n\n\n\n<p class=\"wp-block-paragraph\">WordCamp Valencia 2025 cont\u00f3 con <strong>12 voluntarios<\/strong> y <strong>7 organizadores<\/strong>.<\/p>\n\n\n\n<p class=\"wp-block-paragraph\">Los voluntarios estuvieron durante el evento ayudando con accesos, salas, asistentes y todas esas peque\u00f1as cosas que tienen que funcionar para que una WordCamp parezca sencilla.<\/p>\n\n\n\n<figure class=\"wp-block-image aligncenter size-full\"><img loading=\"lazy\" decoding=\"async\" width=\"799\" height=\"533\" src=\"https:\/\/valencia.wordcamp.org\/2026\/files\/2026\/09\/organizadores-de-la-wordcamp-valencia-25_by-roberto-vazquez.jpg\" alt=\"\" class=\"wp-image-1671\" srcset=\"https:\/\/valencia.wordcamp.org\/2026\/files\/2026\/09\/organizadores-de-la-wordcamp-valencia-25_by-roberto-vazquez.jpg 799w, https:\/\/valencia.wordcamp.org\/2026\/files\/2026\/09\/organizadores-de-la-wordcamp-valencia-25_by-roberto-vazquez-450x300.jpg 450w, https:\/\/valencia.wordcamp.org\/2026\/files\/2026\/09\/organizadores-de-la-wordcamp-valencia-25_by-roberto-vazquez-768x512.jpg 768w\" sizes=\"auto, (max-width: 799px) 100vw, 799px\" \/><figcaption class=\"wp-element-caption\">Organizadores y voluntarios de la WordCamp Valencia 25 by Nilo V\u00e9lez<\/figcaption><\/figure>\n\n\n\n<p class=\"wp-block-paragraph\">Y detr\u00e1s hubo siete personas organizando durante meses la log\u00edstica, los patrocinadores, las ponencias, la comunicaci\u00f3n, los proveedores y todo lo necesario para llegar al d\u00eda del evento.<\/p>\n\n\n\n<p class=\"wp-block-paragraph\">Porque una WordCamp dura unos d\u00edas, pero empieza bastante antes.<\/p>\n\n\n\n<h2 class=\"wp-block-heading\">Ahora toca WordCamp Valencia 2026<\/h2>\n\n\n\n<p class=\"wp-block-paragraph\">WordCamp Valencia 2025 termin\u00f3, pero la comunidad sigue.<\/p>\n\n\n\n<p class=\"wp-block-paragraph\">Y nosotros <a href=\"https:\/\/valencia.wordcamp.org\/2026\/entradas\/\" data-type=\"link\" data-id=\"https:\/\/valencia.wordcamp.org\/2026\/entradas\/\">ya estamos preparando la siguiente<\/a>.<\/p>\n\n\n\n<p class=\"wp-block-paragraph\">Nuevas charlas.<\/p>\n\n\n\n<p class=\"wp-block-paragraph\">Nuevas personas.<\/p>\n\n\n\n<p class=\"wp-block-paragraph\">Nuevos encuentros.<\/p>\n\n\n\n<p class=\"wp-block-paragraph\">Y, por supuesto, nuevos n\u00fameros que contar cuando todo termine.<\/p>\n\n\n\n<p class=\"wp-block-paragraph\"><strong>En 2025 fuimos 320. \u00bfNos ayudas a escribir las cifras de WordCamp Valencia 2026?<\/strong><\/p>\n\n\n\n<p class=\"wp-block-paragraph\">Nos vemos en Valencia.<\/p>\n","protected":false},"excerpt":{"rendered":"<p>320 participantes, 98 propuestas de ponencias, 30 patrocinadores y colaboradores y muchas ganas de compartir conocimiento. WordCamp Valencia 2025 dej\u00f3 buenos recuerdos, pero tambi\u00e9n unos cuantos n\u00fameros que ayudan a entender lo que ocurri\u00f3 durante el evento. Hoy hacemos balance. 320 participantes en WordCamp Valencia 2025 Empezamos por el dato m\u00e1s importante: 320 personas participaron [&hellip;]<\/p>\n","protected":false},"author":20037751,"featured_media":1676,"comment_status":"closed","ping_status":"","sticky":false,"template":"","format":"standard","meta":{"advanced_seo_description":"Descubre los n\u00fameros de WordCamp Valencia 2025: 320 participantes, 98 propuestas, 21 ponencias, 30 patrocinadores y mucho m\u00e1s","jetpack_seo_html_title":"WordCamp Valencia 2025 en cifras: asistentes y charlas","jetpack_seo_noindex":false,"jetpack_seo_schema_type":"","_jetpack_newsletter_access":"","_jetpack_dont_email_post_to_subs":false,"_jetpack_newsletter_tier_id":0,"_jetpack_memberships_contains_paywalled_content":false,"_jetpack_feature_clip_id":0,"_jetpack_memberships_contains_paid_content":false,"footnotes":"","jetpack_post_was_ever_published":false},"categories":[1],"tags":[],"class_list":["post-1667","post","type-post","status-publish","format-standard","has-post-thumbnail","hentry","category-uncategorized"],"jetpack_sharing_enabled":true,"jetpack_shortlink":"https:\/\/wp.me\/phe0w6-qT","jetpack_featured_media_url":"https:\/\/valencia.wordcamp.org\/2026\/files\/2026\/09\/Los-numeros-de-la-wordcamp-valencia-25.png","_links":{"self":[{"href":"https:\/\/valencia.wordcamp.org\/2026\/wp-json\/wp\/v2\/posts\/1667","targetHints":{"allow":["GET"]}}],"collection":[{"href":"https:\/\/valencia.wordcamp.org\/2026\/wp-json\/wp\/v2\/posts"}],"about":[{"href":"https:\/\/valencia.wordcamp.org\/2026\/wp-json\/wp\/v2\/types\/post"}],"author":[{"embeddable":true,"href":"https:\/\/valencia.wordcamp.org\/2026\/wp-json\/wp\/v2\/users\/20037751"}],"replies":[{"embeddable":true,"href":"https:\/\/valencia.wordcamp.org\/2026\/wp-json\/wp\/v2\/comments?post=1667"}],"version-history":[{"count":4,"href":"https:\/\/valencia.wordcamp.org\/2026\/wp-json\/wp\/v2\/posts\/1667\/revisions"}],"predecessor-version":[{"id":1687,"href":"https:\/\/valencia.wordcamp.org\/2026\/wp-json\/wp\/v2\/posts\/1667\/revisions\/1687"}],"wp:featuredmedia":[{"embeddable":true,"href":"https:\/\/valencia.wordcamp.org\/2026\/wp-json\/wp\/v2\/media\/1676"}],"wp:attachment":[{"href":"https:\/\/valencia.wordcamp.org\/2026\/wp-json\/wp\/v2\/media?parent=1667"}],"wp:term":[{"taxonomy":"category","embeddable":true,"href":"https:\/\/valencia.wordcamp.org\/2026\/wp-json\/wp\/v2\/categories?post=1667"},{"taxonomy":"post_tag","embeddable":true,"href":"https:\/\/valencia.wordcamp.org\/2026\/wp-json\/wp\/v2\/tags?post=1667"}],"curies":[{"name":"wp","href":"https:\/\/api.w.org\/{rel}","templated":true}]}}